{"id":58914,"date":"2025-10-29T04:48:00","date_gmt":"2025-10-29T04:48:00","guid":{"rendered":"https:\/\/equalitynow.org\/?p=58914"},"modified":"2025-10-27T11:53:00","modified_gmt":"2025-10-27T11:53:00","slug":"america-latina-y-el-caribe-abre-camino-hacia-el-reconocimiento-del-cuidado-como-derecho-humano","status":"publish","type":"post","link":"https:\/\/equalitynow.org\/es\/news\/news-and-insights-es\/america-latina-y-el-caribe-abre-camino-hacia-el-reconocimiento-del-cuidado-como-derecho-humano\/","title":{"rendered":"Am\u00e9rica Latina y el Caribe abre camino hacia el reconocimiento del cuidado como derecho humano"},"content":{"rendered":"\n<div class=\"meta-split-banner-block\" style=\"background-color:#c473fc\">\n\n    \n        <div class=\"columns is-gapless is-multiline is-mobile\">\n            <div class=\"column is-12-mobile is-8-tablet is-6-desktop\">\n                <div class=\"image-container-overlay is-hidden-desktop\">\n\n                    \n                        <div class=\"image-overlay\" style=\"background-image: url('https:\/\/equalitynow.org\/wp-content\/smush-webp\/2025\/10\/54023689126_e63a408683_k-1920x1134.jpg.webp');\"><\/div>\n\n                    \n                <\/div>\n\n                <div class=\"outer\">\n                    <div class=\"inner left\">\n                        <div class=\"split-post-content\">\n\n                            <div class=\"columns is-multiline is-mobile\">\n                                <div class=\"column is-12\">\n                                    <p class=\"date\">29th octubre 2025<\/p>\n                                <\/div>\n                                <div class=\"column is-12\">\n                                    <h1 class=\"title\">Am\u00e9rica Latina y el Caribe abre camino hacia el reconocimiento del cuidado como derecho humano<\/h1>\n                                <\/div>\n                            <\/div>\n\n                            \n                            \n                                <div class=\"columns\">\n                                    <div class=\"column is-9\">\n                                        <p class=\"time-to-read\">8 min read<\/p>\n                                    <\/div>\n                                <\/div>\n\n                            \n                            \n                                <div class=\"columns\">\n                                    <div class=\"column\">\n                                        <div class=\"categories\">\n\n                                            \n                                                \n                                                    \n                                                    \n                                                \n                                            \n                                            \n                                                \n                                                    \n                                                    \n                                                        <a href=\"https:\/\/equalitynow.org\/issue\/achieve-legal-equality\/\" class=\"category\">Achieve legal equality<\/a>\n\n                                                    \n                                                \n                                            \n                                            \n                                                \n                                                    \n                                                    \n                                                        <a href=\"https:\/\/equalitynow.org\/region\/latin-america-and-the-caribbean\/\" class=\"category\">Latin America and the Caribbean<\/a>\n\n                                                    \n                                                \n                                            \n                                        <\/div>\n                                    <\/div>\n                                <\/div>\n\n                            \n                        <\/div>\n                    <\/div>\n                <\/div>\n            <\/div>\n\n            <div class=\"column is-6-desktop is-hidden-touch\">\n                <div class=\"image-container\">\n\n                    \n                        <div class=\"image-overlay\" style=\"background-image: url('https:\/\/equalitynow.org\/wp-content\/smush-webp\/2025\/10\/54023689126_e63a408683_k-1920x1134.jpg.webp');\"><\/div>\n\n                    \n                <\/div>\n            <\/div>\n\n        <\/div>\n\n    \n<\/div>\n<p>This post is also available in:\n<div role=\"navigation\" aria-label=\"Selector de idioma\" class=\"wpml-ls-statics-shortcode_actions wpml-ls wpml-ls-legacy-list-horizontal\">\n\t<ul><li class=\"wpml-ls-slot-shortcode_actions wpml-ls-item wpml-ls-item-en wpml-ls-first-item wpml-ls-item-legacy-list-horizontal\">\n\t\t\t\t<a href=\"https:\/\/equalitynow.org\/\" hreflang=\"en\" lang=\"en\" class=\"wpml-ls-link\" aria-label=\"Cambiar a Ingl\u00e9s (English)\" title=\"Cambiar a Ingl\u00e9s (English)\">\n\t\t\t\t\t<span class=\"wpml-ls-native\">English<\/span><span class=\"wpml-ls-display\"><span class=\"wpml-ls-bracket\"> (<\/span>Ingl\u00e9s<span class=\"wpml-ls-bracket\">)<\/span><\/span><\/a>\n\t\t\t<\/li><li class=\"wpml-ls-slot-shortcode_actions wpml-ls-item wpml-ls-item-ar wpml-ls-item-legacy-list-horizontal\">\n\t\t\t\t<a href=\"https:\/\/equalitynow.org\/ar\/\" hreflang=\"ar\" lang=\"ar\" class=\"wpml-ls-link\" aria-label=\"Cambiar a \u00c1rabe (\u0627\u0644\u0639\u0631\u0628\u064a\u0629)\" title=\"Cambiar a \u00c1rabe (\u0627\u0644\u0639\u0631\u0628\u064a\u0629)\">\n\t\t\t\t\t<span class=\"wpml-ls-native\">\u0627\u0644\u0639\u0631\u0628\u064a\u0629<\/span><span class=\"wpml-ls-display\"><span class=\"wpml-ls-bracket\"> (<\/span>\u00c1rabe<span class=\"wpml-ls-bracket\">)<\/span><\/span><\/a>\n\t\t\t<\/li><li class=\"wpml-ls-slot-shortcode_actions wpml-ls-item wpml-ls-item-fr wpml-ls-item-legacy-list-horizontal\">\n\t\t\t\t<a href=\"https:\/\/equalitynow.org\/fr\/\" hreflang=\"fr\" lang=\"fr\" class=\"wpml-ls-link\" aria-label=\"Cambiar a Franc\u00e9s (Fran\u00e7ais)\" title=\"Cambiar a Franc\u00e9s (Fran\u00e7ais)\">\n\t\t\t\t\t<span class=\"wpml-ls-native\">Fran\u00e7ais<\/span><span class=\"wpml-ls-display\"><span class=\"wpml-ls-bracket\"> (<\/span>Franc\u00e9s<span class=\"wpml-ls-bracket\">)<\/span><\/span><\/a>\n\t\t\t<\/li><li class=\"wpml-ls-slot-shortcode_actions wpml-ls-item wpml-ls-item-ru wpml-ls-last-item wpml-ls-item-legacy-list-horizontal\">\n\t\t\t\t<a href=\"https:\/\/equalitynow.org\/ru\/\" hreflang=\"ru\" lang=\"ru\" class=\"wpml-ls-link\" aria-label=\"Cambiar a Ruso (\u0420\u0443\u0441\u0441\u043a\u0438\u0439)\" title=\"Cambiar a Ruso (\u0420\u0443\u0441\u0441\u043a\u0438\u0439)\">\n\t\t\t\t\t<span class=\"wpml-ls-native\">\u0420\u0443\u0441\u0441\u043a\u0438\u0439<\/span><span class=\"wpml-ls-display\"><span class=\"wpml-ls-bracket\"> (<\/span>Ruso<span class=\"wpml-ls-bracket\">)<\/span><\/span><\/a>\n\t\t\t<\/li><\/ul>\n<\/div>\n<\/p>\n\n\n<div class=\"full-width-content-block\">\n\n    \n        <div class=\"container\" data-aos=\"fade-up\">\n            <div class=\"columns\">\n                <div class=\"column\">\n\n                    <div class=\"featimg\" align=\"center\">\n<p><em>Foto por: Julliana Sabor\u00edo<\/em><\/p>\n<p style=\"text-align: left;\"><strong>En el marco del D\u00eda Internacional del Cuidado y el Apoyo, Equality Now celebra el liderazgo de Am\u00e9rica Latina y el Caribe en establecer y reconocer un est\u00e1ndar internacional abrangente sobre el \u201cderecho al cuidado\u201d. Desde la Opini\u00f3n Consultiva 31\/25 de la Corte Interamericana de Derechos Humanos (Corte IDH) hasta el Compromiso de Tlatelolco, la regi\u00f3n ha dado contenido jur\u00eddico y pol\u00edtico a una de las transformaciones m\u00e1s urgentes de nuestro tiempo: reconocer que cuidar es una responsabilidad colectiva y un componente esencial de la igualdad de g\u00e9nero. <\/strong><\/p>\n<h2 style=\"text-align: left;\">Un nuevo marco jur\u00eddico y pol\u00edtico regional<\/h2>\n<p style=\"text-align: left;\"><a href=\"https:\/\/corteidh.or.cr\/OC-31-2025\/index-eng.html\" target=\"_blank\" rel=\"noopener\">La Opini\u00f3n Consultiva 31\/25 de la Corte Interamericana de Derechos Humanos,<\/a> notificada en agosto de 2025, establece que los Estados tienen la obligaci\u00f3n de garantizar el derecho al cuidado en todas sus dimensiones: cuidar, ser cuidado y autocuidarse.<\/p>\n<p style=\"text-align: left;\"><span style=\"font-weight: 400;\">La Corte interpret\u00f3 el marco jur\u00eddico internacional existente para concluir de manera categ\u00f3rica que el cuidado es un derecho humano y que est\u00e1 intr\u00ednsecamente vinculado con otros derechos. Tambi\u00e9n afirm\u00f3 expresamente que el cuidado es una responsabilidad compartida entre la familia, la comunidad, la sociedad civil, el sector privado y el Estado. El cuidado deja de ser un asunto privado o familiar para ocupar el lugar que le corresponde en la agenda p\u00fablica y en el derecho internacional. Su reconocimiento jur\u00eddico expresa una idea importante: sostener la vida es una responsabilidad colectiva, que requiere leyes, recursos y pol\u00edticas p\u00fablicas sostenibles.   <\/span><\/p>\n<p style=\"text-align: left;\">D\u00edas despu\u00e9s de la notificaci\u00f3n de la Opini\u00f3n de la Corte, durante la XVI Conferencia Regional sobre la Mujer de Am\u00e9rica Latina y el Caribe, convocada por la Comisi\u00f3n Econ\u00f3mica para Am\u00e9rica Latina y el Caribe (CEPAL) y ONU Mujeres en Ciudad de M\u00e9xico, 31 Estados miembros y asociados adoptaron el <span style=\"font-weight: 400;\"><span style=\"font-weight: 400;\"><a href=\"https:\/\/conferenciamujer.cepal.org\/16\/en\/news\/latin-american-and-caribbean-countries-approved-tlatelolco-commitment-which-establishes-decade\" target=\"_blank\" rel=\"noopener\">Compromiso de Tlatelolco<\/a><\/span><\/span>, que reconoce el cuidado como un derecho humano y plantea una d\u00e9cada de acciones (2025\u20132035) para avanzar hacia la igualdad sustantiva y la \u201csociedad del cuidado\u201d.<\/p>\n<p style=\"text-align: left;\"><span style=\"font-weight: 400;\">En conjunto, estos desarrollos colocan a Am\u00e9rica Latina y el Caribe a la vanguardia del progreso global en materia de derechos humanos y anticipan el debate central que guiar\u00e1 el 72\u00ba per\u00edodo de sesiones de la Comisi\u00f3n de la Condici\u00f3n Jur\u00eddica y Social de la Mujer (CSW72) de las Naciones Unidas, dedicado espec\u00edficamente a los sistemas de cuidado y apoyo, en 2028.<\/span><\/p>\n<h2 style=\"text-align: left;\">El derecho al cuidado como una v\u00eda hacia la igualdad sustantiva<\/h2>\n<p style=\"text-align: left;\"><span style=\"font-weight: 400;\">La Opini\u00f3n Consultiva 31\/25 afirma que el cuidado es una necesidad universal y una obligaci\u00f3n jur\u00eddica del Estado. <\/span><\/p>\n<p style=\"text-align: left;\"><span style=\"font-weight: 400;\">La Corte IDH determin\u00f3 que la carga desproporcionada de cuidados sobre las mujeres, realizada aproximadamente tres veces m\u00e1s que los hombres, motivada por estereotipos de g\u00e9nero, constituye una forma de discriminaci\u00f3n estructural. Adem\u00e1s, la Corte defini\u00f3 de manera integral el derecho al cuidado y su impacto a lo largo de todo el ciclo de vida de las personas.  <\/span><\/p>\n<p style=\"text-align: left;\"><span style=\"font-weight: 400;\">Los Estados, se\u00f1ala la Corte, deben reconocer, proteger y garantizar progresivamente este derecho, adoptando medidas legislativas, presupuestarias y de pol\u00edtica p\u00fablica que permitan:<\/span><\/p>\n<ul style=\"text-align: left;\">\n<li style=\"font-weight: 400;\" aria-level=\"1\"><span style=\"font-weight: 400;\">redistribuir las responsabilidades de cuidado entre familias, comunidades, empresas y Estado;<\/span><\/li>\n<li style=\"font-weight: 400;\" aria-level=\"1\"><span style=\"font-weight: 400;\">asegurar licencias parentales remuneradas igualitarias y servicios p\u00fablicos de cuidado accesibles y de calidad;<\/span><\/li>\n<li style=\"font-weight: 400;\" aria-level=\"1\"><span style=\"font-weight: 400;\">reconocer el valor econ\u00f3mico del trabajo de cuidado en las cuentas nacionales y en los sistemas de seguridad social.<\/span><span style=\"font-weight: 400;\"><br \/>\n<\/span><\/li>\n<\/ul>\n<p style=\"text-align: left;\"><span style=\"font-weight: 400;\">Para Equality Now, este reconocimiento tiene implicaciones profundas. Garantizar el derecho al cuidado no solo busca corregir una desigualdad hist\u00f3rica, sino tambi\u00e9n redefinir la relaci\u00f3n entre el Estado, la econom\u00eda y la justicia de g\u00e9nero. Sin sistemas p\u00fablicos de cuidado s\u00f3lidos, las mujeres contin\u00faan asumiendo la mayor parte del trabajo no remunerado, lo que limita su autonom\u00eda econ\u00f3mica, su acceso a la justicia y su posibilidad de vivir libres de violencia. Este est\u00e1ndar ofrece, por lo tanto, una oportunidad clave para impulsar reformas legales y econ\u00f3micas que aborden las ra\u00edces estructurales de la desigualdad.   <\/span><\/p>\n<h2 style=\"text-align: left;\">La Protecci\u00f3n Reforzada<\/h2>\n<p style=\"text-align: left;\"><span style=\"font-weight: 400;\">La OC-31\/25 proporciona una hoja de ruta de protecci\u00f3n mejorada para grupos en situaci\u00f3n de vulnerabilidad, un principio que debe ser replicado globalmente para avanzar hacia la igualdad legal.<\/span><\/p>\n<p style=\"text-align: left;\"><span style=\"font-weight: 400;\">La Corte destaca expresamente a madres solteras, mujeres ind\u00edgenas, afrodescendientes, migrantes, personas mayores y mujeres con discapacidad, y establece que los sistemas de cuidado deben dise\u00f1arse con un enfoque interseccional que garantice que el derecho al cuidado llegue efectivamente a las comunidades hist\u00f3ricamente excluidas.<\/span><\/p>\n<p style=\"text-align: left;\"><span style=\"font-weight: 400;\">La Corte tambi\u00e9n subraya que la carga de cuidados no debe obstaculizar el acceso de las ni\u00f1as a la educaci\u00f3n, convirtiendo la infraestructura de cuidados en una garant\u00eda y un refuerzo legales de su derecho a aprender, participar y desarrollar su potencial.<\/span><\/p>\n<h2 style=\"text-align: left;\">Hacia la igualdad legal y la justicia econ\u00f3mica<\/h2>\n<p style=\"text-align: left;\"><span style=\"font-weight: 400;\">El reconocimiento del cuidado como derecho humano es un avance fundamental para la igualdad de g\u00e9nero. Pero para que este logro se traduzca en cambios reales, debe implementarse sin aislarse de otras dimensiones de la agenda de derechos de las mujeres. <\/span><\/p>\n<p style=\"text-align: left;\"><span style=\"font-weight: 400;\">El cuidado no puede abordarse como un tema separado de la igualdad legal, la justicia econ\u00f3mica y social y la erradicaci\u00f3n de la violencia. Por el contrario, estos elementos deben avanzar de forma interdependiente. La garant\u00eda del derecho al cuidado requiere marcos legales igualitarios, instituciones que protejan a quienes cuidan y presupuestos p\u00fablicos que reduzcan las brechas de autonom\u00eda econ\u00f3mica.  <\/span><\/p>\n<p style=\"text-align: left;\"><span style=\"font-weight: 400;\">Desde Equality Now, insistimos en que una verdadera sociedad del cuidado solo ser\u00e1 posible si los Estados asumen sus obligaciones de eliminar las leyes discriminatorias, invertir en servicios p\u00fablicos accesibles y asegurar que ninguna mujer o ni\u00f1a vea limitado su derecho a vivir con dignidad y sin violencia.<\/span><\/p>\n<\/div>\n\n                <\/div>\n            <\/div>\n        <\/div>\n\n    \n<\/div>\n\n\n<div class=\"more-articles-block\">\n    <div class=\"main-title-container\">\n        <div class=\"container\">\n            <div class=\"columns\">\n                <div class=\"column\">\n                    <h2 class=\"main-title\" data-aos=\"fade-right\">More articles<\/h2>\n                <\/div>\n            <\/div>\n        <\/div>\n    <\/div>\n\n    <div class=\"container container-card\">\n        <div class=\"columns is-multiline is-centered\">\n                                <div class=\"column is-12-mobile is-6-tablet is-4-desktop\">\n                        <div class=\"card\">\n                                                            <div class=\"image-container\">\n                                    <div class=\"image-overlay\"\n                                         style=\"background-image:url('https:\/\/equalitynow.org\/wp-content\/uploads\/2026\/03\/iStock-1486613683-640x360.jpg')\"\n                                         data-small=\"https:\/\/equalitynow.org\/wp-content\/uploads\/2026\/03\/iStock-1486613683-640x360.jpg\">\n                                    <\/div>\n                                <\/div>\n                            \n                            <div class=\"card-content\">\n                                <p class=\"is-6 date\">22nd April 2026<\/p>\n                                <p class=\"is-6 time\">8 min read<\/p>\n                                <p class=\"title\">Por qu\u00e9 el D\u00eda de la Tierra 2026 exige una acci\u00f3n conjunta por la justicia clim\u00e1tica y de g\u00e9nero<\/p>\n\n                                <div class=\"button\">\n                                    <a href=\"https:\/\/equalitynow.org\/es\/news\/news-and-insights-es\/por-que-el-dia-de-la-tierra-2026-exige-una-accion-conjunta-por-la-justicia-climatica-y-de-genero\/\">Read more +<\/a>\n                                <\/div>\n\n                                                                    <div class=\"categories\">\n                                                                                    <span class=\"category\">News and Insights<\/span>\n                                                                            <\/div>\n                                                            <\/div>\n                        <\/div>\n                    <\/div>\n                                    <div class=\"column is-12-mobile is-6-tablet is-4-desktop\">\n                        <div class=\"card\">\n                                                            <div class=\"image-container\">\n                                    <div class=\"image-overlay\"\n                                         style=\"background-image:url('https:\/\/equalitynow.org\/wp-content\/smush-webp\/2026\/04\/1775085050969-640x547.jpg.webp')\"\n                                         data-small=\"https:\/\/equalitynow.org\/wp-content\/uploads\/2026\/04\/1775085050969-640x547.jpg\">\n                                    <\/div>\n                                <\/div>\n                            \n                            <div class=\"card-content\">\n                                <p class=\"is-6 date\">8th April 2026<\/p>\n                                <p class=\"is-6 time\">8 min read<\/p>\n                                <p class=\"title\">Audiencia tem\u00e1tica ante la CIDH expone los efectos nocivos de la aplicaci\u00f3n de leyes sobre sustracci\u00f3n internacional de menores en contextos de violencia dom\u00e9stica<\/p>\n\n                                <div class=\"button\">\n                                    <a href=\"https:\/\/equalitynow.org\/es\/news\/news-and-insights-es\/audiencia-tematica-ante-la-cidh-expone-los-efectos-nocivos-de-la-aplicacion-de-leyes-sobre-sustraccion-internacional-de-menores-en-contextos-de-violencia-domestica\/\">Read more +<\/a>\n                                <\/div>\n\n                                                                    <div class=\"categories\">\n                                                                                    <span class=\"category\">News and Insights<\/span>\n                                                                            <\/div>\n                                                            <\/div>\n                        <\/div>\n                    <\/div>\n                                    <div class=\"column is-12-mobile is-6-tablet is-4-desktop\">\n                        <div class=\"card\">\n                                                            <div class=\"image-container\">\n                                    <div class=\"image-overlay\"\n                                         style=\"background-image:url('https:\/\/equalitynow.org\/wp-content\/smush-webp\/2026\/02\/Mexico-San-Luis-de-potosi-ESV-Blog-640x480.jpeg.webp')\"\n                                         data-small=\"https:\/\/equalitynow.org\/wp-content\/uploads\/2026\/02\/Mexico-San-Luis-de-potosi-ESV-Blog-640x480.jpeg\">\n                                    <\/div>\n                                <\/div>\n                            \n                            <div class=\"card-content\">\n                                <p class=\"is-6 date\">25th February 2026<\/p>\n                                <p class=\"is-6 time\">8 min read<\/p>\n                                <p class=\"title\">Reforma en San Luis Potos\u00ed para fortalecer la protecci\u00f3n de ni\u00f1as y adolescentes frente a la violencia sexual<\/p>\n\n                                <div class=\"button\">\n                                    <a href=\"https:\/\/equalitynow.org\/es\/news\/news-and-insights-es\/reforma-en-san-luis-potosi-para-fortalecer-la-proteccion-de-ninas-y-adolescentes-frente-a-la-violencia-sexual\/\">Read more +<\/a>\n                                <\/div>\n\n                                                                    <div class=\"categories\">\n                                                                                    <span class=\"category\">News and Insights<\/span>\n                                                                            <\/div>\n                                                            <\/div>\n                        <\/div>\n                    <\/div>\n                        <\/div>\n    <\/div>\n<\/div>\n","protected":false},"excerpt":{"rendered":"","protected":false},"author":7,"featured_media":58910,"comment_status":"closed","ping_status":"open","sticky":false,"template":"","format":"standard","meta":{"_acf_changed":false,"footnotes":""},"categories":[298],"post_tag":[],"issue":[49],"region":[255],"class_list":["post-58914","post","type-post","status-publish","format-standard","has-post-thumbnail","hentry","category-news-and-insights-es","issue-achieve-legal-equality"],"acf":[],"yoast_head":"<!-- This site is optimized with the Yoast SEO Premium plugin v27.3 (Yoast SEO v27.3) - https:\/\/yoast.com\/product\/yoast-seo-premium-wordpress\/ -->\n<title>Am\u00e9rica Latina y el Caribe abre camino hacia el reconocimiento del cuidado como derecho humano - Equality Now<\/title>\n<meta name=\"robots\" content=\"index, follow, max-snippet:-1, max-image-preview:large, max-video-preview:-1\" \/>\n<link rel=\"canonical\" href=\"https:\/\/equalitynow.org\/es\/news\/news-and-insights-es\/america-latina-y-el-caribe-abre-camino-hacia-el-reconocimiento-del-cuidado-como-derecho-humano\/\" \/>\n<meta property=\"og:locale\" content=\"es_ES\" \/>\n<meta property=\"og:type\" content=\"article\" \/>\n<meta property=\"og:title\" content=\"Am\u00e9rica Latina y el Caribe abre camino hacia el reconocimiento del cuidado como derecho humano\" \/>\n<meta property=\"og:url\" content=\"https:\/\/equalitynow.org\/es\/news\/news-and-insights-es\/america-latina-y-el-caribe-abre-camino-hacia-el-reconocimiento-del-cuidado-como-derecho-humano\/\" \/>\n<meta property=\"og:site_name\" content=\"Equality Now\" \/>\n<meta property=\"article:publisher\" content=\"https:\/\/www.facebook.com\/equalitynoworg\/\" \/>\n<meta property=\"article:published_time\" content=\"2025-10-29T04:48:00+00:00\" \/>\n<meta property=\"og:image\" content=\"https:\/\/equalitynow.org\/wp-content\/uploads\/2025\/10\/54023689126_e63a408683_k.jpg\" \/>\n\t<meta property=\"og:image:width\" content=\"2047\" \/>\n\t<meta property=\"og:image:height\" content=\"1209\" \/>\n\t<meta property=\"og:image:type\" content=\"image\/jpeg\" \/>\n<meta name=\"twitter:card\" content=\"summary_large_image\" \/>\n<meta name=\"twitter:label1\" content=\"Escrito por\" \/>\n\t<meta name=\"twitter:data1\" content=\"Sarah Lane\" \/>\n<script type=\"application\/ld+json\" class=\"yoast-schema-graph\">{\"@context\":\"https:\\\/\\\/schema.org\",\"@graph\":[{\"@type\":\"Article\",\"@id\":\"https:\\\/\\\/equalitynow.org\\\/es\\\/news\\\/news-and-insights-es\\\/america-latina-y-el-caribe-abre-camino-hacia-el-reconocimiento-del-cuidado-como-derecho-humano\\\/#article\",\"isPartOf\":{\"@id\":\"https:\\\/\\\/equalitynow.org\\\/es\\\/news\\\/news-and-insights-es\\\/america-latina-y-el-caribe-abre-camino-hacia-el-reconocimiento-del-cuidado-como-derecho-humano\\\/\"},\"author\":{\"name\":\"Sarah Lane\",\"@id\":\"https:\\\/\\\/equalitynow.org\\\/#\\\/schema\\\/person\\\/cab0cc29312603b8bf8b28211103ada2\"},\"headline\":\"Am\u00e9rica Latina y el Caribe abre camino hacia el reconocimiento del cuidado como derecho humano\",\"datePublished\":\"2025-10-29T04:48:00+00:00\",\"mainEntityOfPage\":{\"@id\":\"https:\\\/\\\/equalitynow.org\\\/es\\\/news\\\/news-and-insights-es\\\/america-latina-y-el-caribe-abre-camino-hacia-el-reconocimiento-del-cuidado-como-derecho-humano\\\/\"},\"wordCount\":26,\"publisher\":{\"@id\":\"https:\\\/\\\/equalitynow.org\\\/#organization\"},\"image\":{\"@id\":\"https:\\\/\\\/equalitynow.org\\\/es\\\/news\\\/news-and-insights-es\\\/america-latina-y-el-caribe-abre-camino-hacia-el-reconocimiento-del-cuidado-como-derecho-humano\\\/#primaryimage\"},\"thumbnailUrl\":\"https:\\\/\\\/equalitynow.org\\\/wp-content\\\/uploads\\\/2025\\\/10\\\/54023689126_e63a408683_k.jpg\",\"articleSection\":[\"News and Insights\"],\"inLanguage\":\"es\"},{\"@type\":\"WebPage\",\"@id\":\"https:\\\/\\\/equalitynow.org\\\/es\\\/news\\\/news-and-insights-es\\\/america-latina-y-el-caribe-abre-camino-hacia-el-reconocimiento-del-cuidado-como-derecho-humano\\\/\",\"url\":\"https:\\\/\\\/equalitynow.org\\\/es\\\/news\\\/news-and-insights-es\\\/america-latina-y-el-caribe-abre-camino-hacia-el-reconocimiento-del-cuidado-como-derecho-humano\\\/\",\"name\":\"Am\u00e9rica Latina y el Caribe abre camino hacia el reconocimiento del cuidado como derecho humano - Equality Now\",\"isPartOf\":{\"@id\":\"https:\\\/\\\/equalitynow.org\\\/#website\"},\"primaryImageOfPage\":{\"@id\":\"https:\\\/\\\/equalitynow.org\\\/es\\\/news\\\/news-and-insights-es\\\/america-latina-y-el-caribe-abre-camino-hacia-el-reconocimiento-del-cuidado-como-derecho-humano\\\/#primaryimage\"},\"image\":{\"@id\":\"https:\\\/\\\/equalitynow.org\\\/es\\\/news\\\/news-and-insights-es\\\/america-latina-y-el-caribe-abre-camino-hacia-el-reconocimiento-del-cuidado-como-derecho-humano\\\/#primaryimage\"},\"thumbnailUrl\":\"https:\\\/\\\/equalitynow.org\\\/wp-content\\\/uploads\\\/2025\\\/10\\\/54023689126_e63a408683_k.jpg\",\"datePublished\":\"2025-10-29T04:48:00+00:00\",\"breadcrumb\":{\"@id\":\"https:\\\/\\\/equalitynow.org\\\/es\\\/news\\\/news-and-insights-es\\\/america-latina-y-el-caribe-abre-camino-hacia-el-reconocimiento-del-cuidado-como-derecho-humano\\\/#breadcrumb\"},\"inLanguage\":\"es\",\"potentialAction\":[{\"@type\":\"ReadAction\",\"target\":[\"https:\\\/\\\/equalitynow.org\\\/es\\\/news\\\/news-and-insights-es\\\/america-latina-y-el-caribe-abre-camino-hacia-el-reconocimiento-del-cuidado-como-derecho-humano\\\/\"]}]},{\"@type\":\"ImageObject\",\"inLanguage\":\"es\",\"@id\":\"https:\\\/\\\/equalitynow.org\\\/es\\\/news\\\/news-and-insights-es\\\/america-latina-y-el-caribe-abre-camino-hacia-el-reconocimiento-del-cuidado-como-derecho-humano\\\/#primaryimage\",\"url\":\"https:\\\/\\\/equalitynow.org\\\/wp-content\\\/uploads\\\/2025\\\/10\\\/54023689126_e63a408683_k.jpg\",\"contentUrl\":\"https:\\\/\\\/equalitynow.org\\\/wp-content\\\/uploads\\\/2025\\\/10\\\/54023689126_e63a408683_k.jpg\",\"width\":2047,\"height\":1209,\"caption\":\"Public Hearing of Advisory Opinion 31 \\\/ Costa Rica\"},{\"@type\":\"BreadcrumbList\",\"@id\":\"https:\\\/\\\/equalitynow.org\\\/es\\\/news\\\/news-and-insights-es\\\/america-latina-y-el-caribe-abre-camino-hacia-el-reconocimiento-del-cuidado-como-derecho-humano\\\/#breadcrumb\",\"itemListElement\":[{\"@type\":\"ListItem\",\"position\":1,\"name\":\"Home\",\"item\":\"https:\\\/\\\/equalitynow.org\\\/es\\\/\"},{\"@type\":\"ListItem\",\"position\":2,\"name\":\"Am\u00e9rica Latina y el Caribe abre camino hacia el reconocimiento del cuidado como derecho humano\"}]},{\"@type\":\"WebSite\",\"@id\":\"https:\\\/\\\/equalitynow.org\\\/#website\",\"url\":\"https:\\\/\\\/equalitynow.org\\\/\",\"name\":\"Equality Now\",\"description\":\"A just world for all women and girls\",\"publisher\":{\"@id\":\"https:\\\/\\\/equalitynow.org\\\/#organization\"},\"potentialAction\":[{\"@type\":\"SearchAction\",\"target\":{\"@type\":\"EntryPoint\",\"urlTemplate\":\"https:\\\/\\\/equalitynow.org\\\/?s={search_term_string}\"},\"query-input\":{\"@type\":\"PropertyValueSpecification\",\"valueRequired\":true,\"valueName\":\"search_term_string\"}}],\"inLanguage\":\"es\"},{\"@type\":[\"Organization\",\"Place\"],\"@id\":\"https:\\\/\\\/equalitynow.org\\\/#organization\",\"name\":\"Equality Now\",\"alternateName\":\"Equality Now\",\"url\":\"https:\\\/\\\/equalitynow.org\\\/\",\"logo\":{\"@id\":\"https:\\\/\\\/equalitynow.org\\\/es\\\/news\\\/news-and-insights-es\\\/america-latina-y-el-caribe-abre-camino-hacia-el-reconocimiento-del-cuidado-como-derecho-humano\\\/#local-main-organization-logo\"},\"image\":{\"@id\":\"https:\\\/\\\/equalitynow.org\\\/es\\\/news\\\/news-and-insights-es\\\/america-latina-y-el-caribe-abre-camino-hacia-el-reconocimiento-del-cuidado-como-derecho-humano\\\/#local-main-organization-logo\"},\"sameAs\":[\"https:\\\/\\\/www.facebook.com\\\/equalitynoworg\\\/\",\"https:\\\/\\\/www.linkedin.com\\\/company\\\/equality-now\\\/\",\"https:\\\/\\\/www.instagram.com\\\/equalitynoworg\"],\"description\":\"Equality Now leads the way in driving the legal and systemic change needed to end violence and discrimination against all women and girls, everywhere in the world, to the benefit of all. Every year, our work leads to legal, systemic, and cultural progress that translates into real and positive change for millions of women and girls around the world. In 2024, we improved justice for over 52 million women & girls.\",\"legalName\":\"Equality Now\",\"foundingDate\":\"1992-04-10\",\"numberOfEmployees\":{\"@type\":\"QuantitativeValue\",\"minValue\":\"51\",\"maxValue\":\"200\"},\"telephone\":[],\"openingHoursSpecification\":[{\"@type\":\"OpeningHoursSpecification\",\"dayOfWeek\":[\"Monday\",\"Tuesday\",\"Wednesday\",\"Thursday\",\"Friday\",\"Saturday\",\"Sunday\"],\"opens\":\"09:00\",\"closes\":\"17:00\"}]},{\"@type\":\"Person\",\"@id\":\"https:\\\/\\\/equalitynow.org\\\/#\\\/schema\\\/person\\\/cab0cc29312603b8bf8b28211103ada2\",\"name\":\"Sarah Lane\",\"image\":{\"@type\":\"ImageObject\",\"inLanguage\":\"es\",\"@id\":\"https:\\\/\\\/secure.gravatar.com\\\/avatar\\\/d8ded4ba936b352dacc2da953cd860887bcf45fcee54dcaf6ebac1f1ccbc39c0?s=96&d=mm&r=g\",\"url\":\"https:\\\/\\\/secure.gravatar.com\\\/avatar\\\/d8ded4ba936b352dacc2da953cd860887bcf45fcee54dcaf6ebac1f1ccbc39c0?s=96&d=mm&r=g\",\"contentUrl\":\"https:\\\/\\\/secure.gravatar.com\\\/avatar\\\/d8ded4ba936b352dacc2da953cd860887bcf45fcee54dcaf6ebac1f1ccbc39c0?s=96&d=mm&r=g\",\"caption\":\"Sarah Lane\"},\"url\":\"https:\\\/\\\/equalitynow.org\\\/es\\\/news\\\/author\\\/sarah-lane\\\/\"},{\"@type\":\"ImageObject\",\"inLanguage\":\"es\",\"@id\":\"https:\\\/\\\/equalitynow.org\\\/es\\\/news\\\/news-and-insights-es\\\/america-latina-y-el-caribe-abre-camino-hacia-el-reconocimiento-del-cuidado-como-derecho-humano\\\/#local-main-organization-logo\",\"url\":\"https:\\\/\\\/equalitynow.org\\\/wp-content\\\/uploads\\\/2026\\\/03\\\/EN_stacked_blueGrey.png\",\"contentUrl\":\"https:\\\/\\\/equalitynow.org\\\/wp-content\\\/uploads\\\/2026\\\/03\\\/EN_stacked_blueGrey.png\",\"width\":1265,\"height\":1287,\"caption\":\"Equality Now\"}]}<\/script>\n<!-- \/ Yoast SEO Premium plugin. -->","yoast_head_json":{"title":"Am\u00e9rica Latina y el Caribe abre camino hacia el reconocimiento del cuidado como derecho humano - Equality Now","robots":{"index":"index","follow":"follow","max-snippet":"max-snippet:-1","max-image-preview":"max-image-preview:large","max-video-preview":"max-video-preview:-1"},"canonical":"https:\/\/equalitynow.org\/es\/news\/news-and-insights-es\/america-latina-y-el-caribe-abre-camino-hacia-el-reconocimiento-del-cuidado-como-derecho-humano\/","og_locale":"es_ES","og_type":"article","og_title":"Am\u00e9rica Latina y el Caribe abre camino hacia el reconocimiento del cuidado como derecho humano","og_url":"https:\/\/equalitynow.org\/es\/news\/news-and-insights-es\/america-latina-y-el-caribe-abre-camino-hacia-el-reconocimiento-del-cuidado-como-derecho-humano\/","og_site_name":"Equality Now","article_publisher":"https:\/\/www.facebook.com\/equalitynoworg\/","article_published_time":"2025-10-29T04:48:00+00:00","og_image":[{"width":2047,"height":1209,"url":"https:\/\/equalitynow.org\/wp-content\/uploads\/2025\/10\/54023689126_e63a408683_k.jpg","type":"image\/jpeg"}],"twitter_card":"summary_large_image","twitter_misc":{"Escrito por":"Sarah Lane"},"schema":{"@context":"https:\/\/schema.org","@graph":[{"@type":"Article","@id":"https:\/\/equalitynow.org\/es\/news\/news-and-insights-es\/america-latina-y-el-caribe-abre-camino-hacia-el-reconocimiento-del-cuidado-como-derecho-humano\/#article","isPartOf":{"@id":"https:\/\/equalitynow.org\/es\/news\/news-and-insights-es\/america-latina-y-el-caribe-abre-camino-hacia-el-reconocimiento-del-cuidado-como-derecho-humano\/"},"author":{"name":"Sarah Lane","@id":"https:\/\/equalitynow.org\/#\/schema\/person\/cab0cc29312603b8bf8b28211103ada2"},"headline":"Am\u00e9rica Latina y el Caribe abre camino hacia el reconocimiento del cuidado como derecho humano","datePublished":"2025-10-29T04:48:00+00:00","mainEntityOfPage":{"@id":"https:\/\/equalitynow.org\/es\/news\/news-and-insights-es\/america-latina-y-el-caribe-abre-camino-hacia-el-reconocimiento-del-cuidado-como-derecho-humano\/"},"wordCount":26,"publisher":{"@id":"https:\/\/equalitynow.org\/#organization"},"image":{"@id":"https:\/\/equalitynow.org\/es\/news\/news-and-insights-es\/america-latina-y-el-caribe-abre-camino-hacia-el-reconocimiento-del-cuidado-como-derecho-humano\/#primaryimage"},"thumbnailUrl":"https:\/\/equalitynow.org\/wp-content\/uploads\/2025\/10\/54023689126_e63a408683_k.jpg","articleSection":["News and Insights"],"inLanguage":"es"},{"@type":"WebPage","@id":"https:\/\/equalitynow.org\/es\/news\/news-and-insights-es\/america-latina-y-el-caribe-abre-camino-hacia-el-reconocimiento-del-cuidado-como-derecho-humano\/","url":"https:\/\/equalitynow.org\/es\/news\/news-and-insights-es\/america-latina-y-el-caribe-abre-camino-hacia-el-reconocimiento-del-cuidado-como-derecho-humano\/","name":"Am\u00e9rica Latina y el Caribe abre camino hacia el reconocimiento del cuidado como derecho humano - Equality Now","isPartOf":{"@id":"https:\/\/equalitynow.org\/#website"},"primaryImageOfPage":{"@id":"https:\/\/equalitynow.org\/es\/news\/news-and-insights-es\/america-latina-y-el-caribe-abre-camino-hacia-el-reconocimiento-del-cuidado-como-derecho-humano\/#primaryimage"},"image":{"@id":"https:\/\/equalitynow.org\/es\/news\/news-and-insights-es\/america-latina-y-el-caribe-abre-camino-hacia-el-reconocimiento-del-cuidado-como-derecho-humano\/#primaryimage"},"thumbnailUrl":"https:\/\/equalitynow.org\/wp-content\/uploads\/2025\/10\/54023689126_e63a408683_k.jpg","datePublished":"2025-10-29T04:48:00+00:00","breadcrumb":{"@id":"https:\/\/equalitynow.org\/es\/news\/news-and-insights-es\/america-latina-y-el-caribe-abre-camino-hacia-el-reconocimiento-del-cuidado-como-derecho-humano\/#breadcrumb"},"inLanguage":"es","potentialAction":[{"@type":"ReadAction","target":["https:\/\/equalitynow.org\/es\/news\/news-and-insights-es\/america-latina-y-el-caribe-abre-camino-hacia-el-reconocimiento-del-cuidado-como-derecho-humano\/"]}]},{"@type":"ImageObject","inLanguage":"es","@id":"https:\/\/equalitynow.org\/es\/news\/news-and-insights-es\/america-latina-y-el-caribe-abre-camino-hacia-el-reconocimiento-del-cuidado-como-derecho-humano\/#primaryimage","url":"https:\/\/equalitynow.org\/wp-content\/uploads\/2025\/10\/54023689126_e63a408683_k.jpg","contentUrl":"https:\/\/equalitynow.org\/wp-content\/uploads\/2025\/10\/54023689126_e63a408683_k.jpg","width":2047,"height":1209,"caption":"Public Hearing of Advisory Opinion 31 \/ Costa Rica"},{"@type":"BreadcrumbList","@id":"https:\/\/equalitynow.org\/es\/news\/news-and-insights-es\/america-latina-y-el-caribe-abre-camino-hacia-el-reconocimiento-del-cuidado-como-derecho-humano\/#breadcrumb","itemListElement":[{"@type":"ListItem","position":1,"name":"Home","item":"https:\/\/equalitynow.org\/es\/"},{"@type":"ListItem","position":2,"name":"Am\u00e9rica Latina y el Caribe abre camino hacia el reconocimiento del cuidado como derecho humano"}]},{"@type":"WebSite","@id":"https:\/\/equalitynow.org\/#website","url":"https:\/\/equalitynow.org\/","name":"Equality Now","description":"A just world for all women and girls","publisher":{"@id":"https:\/\/equalitynow.org\/#organization"},"potentialAction":[{"@type":"SearchAction","target":{"@type":"EntryPoint","urlTemplate":"https:\/\/equalitynow.org\/?s={search_term_string}"},"query-input":{"@type":"PropertyValueSpecification","valueRequired":true,"valueName":"search_term_string"}}],"inLanguage":"es"},{"@type":["Organization","Place"],"@id":"https:\/\/equalitynow.org\/#organization","name":"Equality Now","alternateName":"Equality Now","url":"https:\/\/equalitynow.org\/","logo":{"@id":"https:\/\/equalitynow.org\/es\/news\/news-and-insights-es\/america-latina-y-el-caribe-abre-camino-hacia-el-reconocimiento-del-cuidado-como-derecho-humano\/#local-main-organization-logo"},"image":{"@id":"https:\/\/equalitynow.org\/es\/news\/news-and-insights-es\/america-latina-y-el-caribe-abre-camino-hacia-el-reconocimiento-del-cuidado-como-derecho-humano\/#local-main-organization-logo"},"sameAs":["https:\/\/www.facebook.com\/equalitynoworg\/","https:\/\/www.linkedin.com\/company\/equality-now\/","https:\/\/www.instagram.com\/equalitynoworg"],"description":"Equality Now leads the way in driving the legal and systemic change needed to end violence and discrimination against all women and girls, everywhere in the world, to the benefit of all. Every year, our work leads to legal, systemic, and cultural progress that translates into real and positive change for millions of women and girls around the world. In 2024, we improved justice for over 52 million women & girls.","legalName":"Equality Now","foundingDate":"1992-04-10","numberOfEmployees":{"@type":"QuantitativeValue","minValue":"51","maxValue":"200"},"telephone":[],"openingHoursSpecification":[{"@type":"OpeningHoursSpecification","dayOfWeek":["Monday","Tuesday","Wednesday","Thursday","Friday","Saturday","Sunday"],"opens":"09:00","closes":"17:00"}]},{"@type":"Person","@id":"https:\/\/equalitynow.org\/#\/schema\/person\/cab0cc29312603b8bf8b28211103ada2","name":"Sarah Lane","image":{"@type":"ImageObject","inLanguage":"es","@id":"https:\/\/secure.gravatar.com\/avatar\/d8ded4ba936b352dacc2da953cd860887bcf45fcee54dcaf6ebac1f1ccbc39c0?s=96&d=mm&r=g","url":"https:\/\/secure.gravatar.com\/avatar\/d8ded4ba936b352dacc2da953cd860887bcf45fcee54dcaf6ebac1f1ccbc39c0?s=96&d=mm&r=g","contentUrl":"https:\/\/secure.gravatar.com\/avatar\/d8ded4ba936b352dacc2da953cd860887bcf45fcee54dcaf6ebac1f1ccbc39c0?s=96&d=mm&r=g","caption":"Sarah Lane"},"url":"https:\/\/equalitynow.org\/es\/news\/author\/sarah-lane\/"},{"@type":"ImageObject","inLanguage":"es","@id":"https:\/\/equalitynow.org\/es\/news\/news-and-insights-es\/america-latina-y-el-caribe-abre-camino-hacia-el-reconocimiento-del-cuidado-como-derecho-humano\/#local-main-organization-logo","url":"https:\/\/equalitynow.org\/wp-content\/uploads\/2026\/03\/EN_stacked_blueGrey.png","contentUrl":"https:\/\/equalitynow.org\/wp-content\/uploads\/2026\/03\/EN_stacked_blueGrey.png","width":1265,"height":1287,"caption":"Equality Now"}]}},"_links":{"self":[{"href":"https:\/\/equalitynow.org\/es\/wp-json\/wp\/v2\/posts\/58914","targetHints":{"allow":["GET"]}}],"collection":[{"href":"https:\/\/equalitynow.org\/es\/wp-json\/wp\/v2\/posts"}],"about":[{"href":"https:\/\/equalitynow.org\/es\/wp-json\/wp\/v2\/types\/post"}],"author":[{"embeddable":true,"href":"https:\/\/equalitynow.org\/es\/wp-json\/wp\/v2\/users\/7"}],"replies":[{"embeddable":true,"href":"https:\/\/equalitynow.org\/es\/wp-json\/wp\/v2\/comments?post=58914"}],"version-history":[{"count":4,"href":"https:\/\/equalitynow.org\/es\/wp-json\/wp\/v2\/posts\/58914\/revisions"}],"predecessor-version":[{"id":58919,"href":"https:\/\/equalitynow.org\/es\/wp-json\/wp\/v2\/posts\/58914\/revisions\/58919"}],"wp:featuredmedia":[{"embeddable":true,"href":"https:\/\/equalitynow.org\/es\/wp-json\/wp\/v2\/media\/58910"}],"wp:attachment":[{"href":"https:\/\/equalitynow.org\/es\/wp-json\/wp\/v2\/media?parent=58914"}],"wp:term":[{"taxonomy":"category","embeddable":true,"href":"https:\/\/equalitynow.org\/es\/wp-json\/wp\/v2\/categories?post=58914"},{"taxonomy":"post_tag","embeddable":true,"href":"https:\/\/equalitynow.org\/es\/wp-json\/wp\/v2\/post_tag?post=58914"},{"taxonomy":"issue","embeddable":true,"href":"https:\/\/equalitynow.org\/es\/wp-json\/wp\/v2\/issue?post=58914"},{"taxonomy":"region","embeddable":true,"href":"https:\/\/equalitynow.org\/es\/wp-json\/wp\/v2\/region?post=58914"}],"curies":[{"name":"wp","href":"https:\/\/api.w.org\/{rel}","templated":true}]}}