{"id":59809,"date":"2025-11-12T11:13:00","date_gmt":"2025-11-12T11:13:00","guid":{"rendered":"https:\/\/equalitynow.org\/news\/non-classifiee\/a-mgf-en-las-americas-5-cosas-que-debes-saber-sobre-la-audiencia-interamericana-de-derechos-humanos\/"},"modified":"2025-11-13T19:35:50","modified_gmt":"2025-11-13T19:35:50","slug":"a-mgf-en-las-americas-5-cosas-que-debes-saber-sobre-la-audiencia-interamericana-de-derechos-humanos","status":"publish","type":"post","link":"https:\/\/equalitynow.org\/es\/news\/news-and-insights-es\/a-mgf-en-las-americas-5-cosas-que-debes-saber-sobre-la-audiencia-interamericana-de-derechos-humanos\/","title":{"rendered":"MGF en las Am\u00e9ricas: 5 cosas que debes saber sobre la audiencia interamericana de derechos humanos"},"content":{"rendered":"\n<div class=\"meta-split-banner-block\" style=\"background-color:#c473fc\">\n\n    \n        <div class=\"columns is-gapless is-multiline is-mobile\">\n            <div class=\"column is-12-mobile is-8-tablet is-6-desktop\">\n                <div class=\"image-container-overlay is-hidden-desktop\">\n\n                    \n                        <div class=\"image-overlay\" style=\"background-image: url('https:\/\/equalitynow.org\/wp-content\/uploads\/2025\/11\/53559991343_f1026bc684_c.jpg');\"><\/div>\n\n                    \n                <\/div>\n\n                <div class=\"outer\">\n                    <div class=\"inner left\">\n                        <div class=\"split-post-content\">\n\n                            <div class=\"columns is-multiline is-mobile\">\n                                <div class=\"column is-12\">\n                                    <p class=\"date\">12th noviembre 2025<\/p>\n                                <\/div>\n                                <div class=\"column is-12\">\n                                    <h1 class=\"title\">MGF en las Am\u00e9ricas: 5 cosas que debes saber sobre la audiencia interamericana de derechos humanos<\/h1>\n                                <\/div>\n                            <\/div>\n\n                            \n                            \n                                <div class=\"columns\">\n                                    <div class=\"column is-9\">\n                                        <p class=\"time-to-read\">14 min read<\/p>\n                                    <\/div>\n                                <\/div>\n\n                            \n                            \n                                <div class=\"columns\">\n                                    <div class=\"column\">\n                                        <div class=\"categories\">\n\n                                            \n                                                \n                                                    \n                                                    \n                                                \n                                            \n                                            \n                                                \n                                                    \n                                                    \n                                                \n                                                    \n                                                    \n                                                \n                                            \n                                            \n                                                \n                                                    \n                                                    \n                                                \n                                                    \n                                                    \n                                                \n                                            \n                                        <\/div>\n                                    <\/div>\n                                <\/div>\n\n                            \n                        <\/div>\n                    <\/div>\n                <\/div>\n            <\/div>\n\n            <div class=\"column is-6-desktop is-hidden-touch\">\n                <div class=\"image-container\">\n\n                    \n                        <div class=\"image-overlay\" style=\"background-image: url('https:\/\/equalitynow.org\/wp-content\/uploads\/2025\/11\/53559991343_f1026bc684_c.jpg');\"><\/div>\n\n                    \n                <\/div>\n            <\/div>\n\n        <\/div>\n\n    \n<\/div>\n\n<div class=\"theme-container-block\">\n\t<div class=\"container\">\n\n\t\t\n\t\t<div class=\"acf-innerblocks-container\">\n<p>This post is also available in:\n<div role=\"navigation\" aria-label=\"Selector de idioma\" class=\"wpml-ls-statics-shortcode_actions wpml-ls wpml-ls-legacy-list-horizontal\">\n\t<ul><li class=\"wpml-ls-slot-shortcode_actions wpml-ls-item wpml-ls-item-en wpml-ls-first-item wpml-ls-item-legacy-list-horizontal\">\n\t\t\t\t<a href=\"https:\/\/equalitynow.org\/\" hreflang=\"en\" lang=\"en\" class=\"wpml-ls-link\" aria-label=\"Cambiar a Ingl\u00e9s (English)\" title=\"Cambiar a Ingl\u00e9s (English)\">\n\t\t\t\t\t<span class=\"wpml-ls-native\">English<\/span><span class=\"wpml-ls-display\"><span class=\"wpml-ls-bracket\"> (<\/span>Ingl\u00e9s<span class=\"wpml-ls-bracket\">)<\/span><\/span><\/a>\n\t\t\t<\/li><li class=\"wpml-ls-slot-shortcode_actions wpml-ls-item wpml-ls-item-ar wpml-ls-item-legacy-list-horizontal\">\n\t\t\t\t<a href=\"https:\/\/equalitynow.org\/ar\/\" hreflang=\"ar\" lang=\"ar\" class=\"wpml-ls-link\" aria-label=\"Cambiar a \u00c1rabe (\u0627\u0644\u0639\u0631\u0628\u064a\u0629)\" title=\"Cambiar a \u00c1rabe (\u0627\u0644\u0639\u0631\u0628\u064a\u0629)\">\n\t\t\t\t\t<span class=\"wpml-ls-native\">\u0627\u0644\u0639\u0631\u0628\u064a\u0629<\/span><span class=\"wpml-ls-display\"><span class=\"wpml-ls-bracket\"> (<\/span>\u00c1rabe<span class=\"wpml-ls-bracket\">)<\/span><\/span><\/a>\n\t\t\t<\/li><li class=\"wpml-ls-slot-shortcode_actions wpml-ls-item wpml-ls-item-fr wpml-ls-item-legacy-list-horizontal\">\n\t\t\t\t<a href=\"https:\/\/equalitynow.org\/fr\/\" hreflang=\"fr\" lang=\"fr\" class=\"wpml-ls-link\" aria-label=\"Cambiar a Franc\u00e9s (Fran\u00e7ais)\" title=\"Cambiar a Franc\u00e9s (Fran\u00e7ais)\">\n\t\t\t\t\t<span class=\"wpml-ls-native\">Fran\u00e7ais<\/span><span class=\"wpml-ls-display\"><span class=\"wpml-ls-bracket\"> (<\/span>Franc\u00e9s<span class=\"wpml-ls-bracket\">)<\/span><\/span><\/a>\n\t\t\t<\/li><li class=\"wpml-ls-slot-shortcode_actions wpml-ls-item wpml-ls-item-ru wpml-ls-last-item wpml-ls-item-legacy-list-horizontal\">\n\t\t\t\t<a href=\"https:\/\/equalitynow.org\/ru\/\" hreflang=\"ru\" lang=\"ru\" class=\"wpml-ls-link\" aria-label=\"Cambiar a Ruso (\u0420\u0443\u0441\u0441\u043a\u0438\u0439)\" title=\"Cambiar a Ruso (\u0420\u0443\u0441\u0441\u043a\u0438\u0439)\">\n\t\t\t\t\t<span class=\"wpml-ls-native\">\u0420\u0443\u0441\u0441\u043a\u0438\u0439<\/span><span class=\"wpml-ls-display\"><span class=\"wpml-ls-bracket\"> (<\/span>Ruso<span class=\"wpml-ls-bracket\">)<\/span><\/span><\/a>\n\t\t\t<\/li><\/ul>\n<\/div>\n<\/p>\n\n<\/div>\n\n\t\t\t<\/div>\n<\/div>\n\n\n<div class=\"full-width-content-block\">\n\n    \n        <div class=\"container\" data-aos=\"fade-up\">\n            <div class=\"columns\">\n                <div class=\"column\">\n\n                    <div class=\"featimg\" align=\"center\">\n<p style=\"text-align: left;\"><span style=\"font-weight: 400;\">La mutilaci\u00f3n\/ablaci\u00f3n genital femenina (MGF) es una grave violaci\u00f3n de los derechos humanos que consiste en la extirpaci\u00f3n parcial o total de los genitales externos femeninos o en otras lesiones de los mismos por razones no m\u00e9dicas. Afecta a m\u00e1s de 230 millones de mujeres y ni\u00f1as en todo el mundo y   <\/span><a href=\"https:\/\/equalitynow.org\/resource\/reports\/the-time-is-now-end-female-genital-mutilation-cutting-an-urgent-need-for-global-response-2025-update\/\"><span style=\"font-weight: 400;\">se da en todos los continentes excepto en la Ant\u00e1rtida<\/span><\/a><span style=\"font-weight: 400;\">.<\/span><\/p>\n<p style=\"text-align: left;\"><span style=\"font-weight: 400;\">Durante demasiado tiempo, los esfuerzos mundiales para abordar la MGF se han centrado principalmente en \u00c1frica y partes de Asia; sin embargo, la MGF est\u00e1 ampliamente presente en Am\u00e9rica, incluso en <\/span><a href=\"https:\/\/equalitynow.org\/what-we-do\/womens-rights-around-the-world\/womens-rights-in-north-america\/us-laws-against-fgm-state-by-state-map\/\"><span style=\"font-weight: 400;\">Estados Unidos<\/span><\/a><span style=\"font-weight: 400;\">, <\/span><a href=\"https:\/\/equalitynow.org\/resource\/toolkits-for-journalists\/female-genital-mutilation-cutting-in-canada\/\"><span style=\"font-weight: 400;\">Canad\u00e1 <\/span><\/a><span style=\"font-weight: 400;\">y <\/span><a href=\"https:\/\/equalitynow.org\/resource\/factsheets\/fgm-in-colombia\/\"><span style=\"font-weight: 400;\">Colombia <\/span><\/a><span style=\"font-weight: 400;\">afectando a cientos de miles de mujeres y ni\u00f1as.<\/span><\/p>\n<p style=\"text-align: left;\"><span style=\"font-weight: 400;\">A pesar de las obligaciones impuestas por est\u00e1ndares internacionales y regionales sobre derechos humanos para poner fin a la mutilaci\u00f3n\/ablaci\u00f3n genital femenina y a sus da\u00f1os f\u00edsicos y psicol\u00f3gicos de por vida, persisten la falta de datos, la incoherencia de los marcos jur\u00eddicos y la discriminaci\u00f3n sist\u00e9mica, que obstaculizan la reparaci\u00f3n integral de mujeres y ni\u00f1as. <\/span><\/p>\n<p style=\"text-align: left;\"><span style=\"font-weight: 400;\">Por eso <\/span><a href=\"https:\/\/endfgmnetwork.org\/blog\/uniting-to-end-fgm-c-across-the-americas-a-joint-statement\/\" target=\"_blank\" rel=\"noopener\"><span style=\"font-weight: 400;\">La Alianza de las Am\u00e9ricas<\/span><\/a><span style=\"font-weight: 400;\">formada por organizaciones nacionales, regionales e internacionales, incluida la <\/span><a href=\"https:\/\/endfgmnetwork.org\/\" target=\"_blank\" rel=\"noopener\"><span style=\"font-weight: 400;\">Red por el Fin de la A\/MGF en EE.UU.<\/span><\/a><span style=\"font-weight: 400;\">, <\/span><a href=\"https:\/\/sahiyo.org\/\" target=\"_blank\" rel=\"noopener\"><span style=\"font-weight: 400;\">Sahiyo<\/span><\/a><span style=\"font-weight: 400;\">, <\/span><a href=\"https:\/\/www.endfgm.ca\/\" target=\"_blank\" rel=\"noopener\"><span style=\"font-weight: 400;\">Red Fin MGF Canad\u00e1<\/span><\/a><span style=\"font-weight: 400;\"> y Equality Now, solicitaron una audiencia tem\u00e1tica ante la <\/span><a href=\"https:\/\/www.oas.org\/en\/iachr\/\"><span style=\"font-weight: 400;\">Comisi\u00f3n Interamericana de Derechos Humanos<\/span><\/a><span style=\"font-weight: 400;\"> (CIDH), un \u00f3rgano regional clave de la Organizaci\u00f3n de Estados Americanos encargado de proteger los derechos humanos en las Am\u00e9ricas. Esta audiencia dedicada marcar\u00e1  <\/span><b>la primera vez que un mecanismo internacional de derechos humanos celebra una audiencia tem\u00e1tica centrada en la MGF en las Am\u00e9ricas<\/b><span style=\"font-weight: 400;\">. <\/span> <\/p>\n<p style=\"text-align: left;\"><span style=\"font-weight: 400;\">A continuaci\u00f3n, explicamos por qu\u00e9 esto es importante y c\u00f3mo Equality Now y sus aliadas est\u00e1n trabajando para conseguirlo.<\/span><\/p>\n<h2 style=\"text-align: left;\"><span style=\"font-weight: 800;\">1. \u00bfDe qu\u00e9 trata la audiencia y por qu\u00e9 es hist\u00f3rica?<\/span><\/h2>\n<p style=\"text-align: left;\"><span style=\"font-weight: 400;\">Durante la audiencia, la Comisi\u00f3n Interamericana de Derechos Humanos examinar\u00e1 la MGF como una preocupaci\u00f3n regional en las Am\u00e9ricas. Las directrices y recomendaciones de la CIDH informan la acci\u00f3n gubernamental y dan forma a las normas jur\u00eddicas en toda la regi\u00f3n. <\/span><\/p>\n<p style=\"text-align: left;\"><span style=\"font-weight: 400;\">Junto con personas expertas, defensoras y sobrevivientes, compartiremos pruebas de que la MGF no debe considerarse un problema oculto o importado; es una violaci\u00f3n de los derechos humanos que tiene lugar en varios pa\u00edses de las Am\u00e9ricas. <\/span><b>La audiencia brindar\u00e1 una oportunidad sin precedentes para situar la MGF en el marco regional de los derechos humanos, exigiendo una acci\u00f3n coordinada de los Estados, <\/b><span style=\"font-weight: 400;\">la rendici\u00f3n de cuentas y el reconocimiento de que todas las mujeres y ni\u00f1as, vivan donde vivan, tienen derecho a la autonom\u00eda corporal y a la protecci\u00f3n frente a las pr\u00e1cticas nocivas.<\/span><\/p>\n<h2 style=\"text-align: left;\"><span style=\"font-weight: 800;\">2. \u00bfPor qu\u00e9 es importante la MGF en Am\u00e9rica?<\/span><\/h2>\n<p style=\"text-align: left;\"><span style=\"font-weight: 400;\">La MGF est\u00e1 muy extendida en Am\u00e9rica, con m\u00e1s de<\/span><a href=\"https:\/\/equalitynow.org\/what-we-do\/womens-rights-around-the-world\/womens-rights-in-north-america\/fgm_in_the_us_learn_more\/\"><span style=\"font-weight: 400;\"> medio mill\u00f3n de mujeres y ni\u00f1as que viven con la MGF o corren el riesgo de sufrirla s\u00f3lo en EE.UU.<\/span><\/a><span style=\"font-weight: 400;\">. La MGF representa una clara violaci\u00f3n de los derechos humanos fundamentales, incluidos los derechos a la integridad corporal, a la salud y a la no discriminaci\u00f3n, que afecta a mujeres y ni\u00f1as reales hoy en d\u00eda. M\u00e1s all\u00e1 de sus efectos para toda la vida sobre la salud f\u00edsica y mental, la MGF refleja y refuerza la desigualdad de g\u00e9nero sist\u00e9mica, perpetuando la discriminaci\u00f3n, la marginaci\u00f3n social y la desigualdad de acceso a la justicia y la atenci\u00f3n de salud. <\/span><\/p>\n<p style=\"text-align: left;\"><span style=\"font-weight: 400;\">Abordar la mutilaci\u00f3n\/ablaci\u00f3n genital femenina en la regi\u00f3n es urgente: sin respuestas jur\u00eddicas y pol\u00edticas coordinadas, las mujeres y las ni\u00f1as siguen estando en peligro, y los gobiernos no cumplen sus obligaciones de derechos humanos. Eliminate pr\u00f3xima de la CIDH ofrece la oportunidad de reconocer formalmente estos da\u00f1os, impulsar la rendici\u00f3n de cuentas de los Estados y garantizar que en toda Am\u00e9rica se d\u00e9 prioridad a la prevenci\u00f3n, la protecci\u00f3n y las intervenciones centradas en las sobrevivientes. <\/span><\/p>\n<h2 style=\"text-align: left;\"><span style=\"font-weight: 800;\">3. \u00bfCu\u00e1les son los principales obst\u00e1culos que la audiencia podr\u00eda ayudar a resolver?<\/span><\/h2>\n<p style=\"text-align: left;\"><span style=\"font-weight: 400;\">Los esfuerzos para eliminar la MGF en toda Am\u00e9rica se enfrentan a varios obst\u00e1culos estructurales y sociales. Incluso cuando existen leyes nacionales, pocos pa\u00edses han desarrollado planes de aplicaci\u00f3n exhaustivos o han asignado recursos suficientes para la prevenci\u00f3n y el apoyo a las sobrevivientes. La recopilaci\u00f3n de datos sigue siendo escasa, lo que deja a los responsables pol\u00edticos sin una imagen precisa de la magnitud o las pautas del riesgo.  <\/span><\/p>\n<p style=\"text-align: left;\"><span style=\"font-weight: 400;\">Las barreras sociales son igualmente complejas. En muchas comunidades afectadas, la MGF se trata como un asunto privado o cultural, lo que desalienta la denuncia y la intervenci\u00f3n. Las sobrevivientes se encuentran a menudo con   <\/span><a href=\"https:\/\/www.voicestoendfgmc.org\/\" target=\"_blank\" rel=\"noopener\"><span style=\"font-weight: 400;\">estigma o incredulidad<\/span><\/a><span style=\"font-weight: 400;\">  cuando buscan ayuda. La audiencia de la CIDH podr\u00eda ayudar a desmantelar estas barreras reconociendo formalmente la A\/MGF como un problema regional de derechos humanos, animando a los gobiernos a recopilar datos exhaustivos y desglosados, y reforzando el mandato de cooperaci\u00f3n transfronteriza en materia de prevenci\u00f3n y rendici\u00f3n de cuentas. <\/span><\/p>\n<h2 style=\"text-align: left;\"><span style=\"font-weight: 800;\">4. \u00bfQu\u00e9 impacto podr\u00eda tener la audiencia para las mujeres y las ni\u00f1as, y para la sociedad en general?<\/span><\/h2>\n<p style=\"text-align: left;\"><span style=\"font-weight: 400;\">La audiencia tiene el potencial de sentar un nuevo precedente para el avance de los derechos de las mujeres y las ni\u00f1as en las Am\u00e9ricas. Un reconocimiento formal por parte de la CIDH de la persistencia de la A\/MGF en toda la regi\u00f3n podr\u00eda establecer un registro regional de que la A\/MGF viola los derechos de las mujeres y las ni\u00f1as en virtud de los tratados vigentes de la OEA, reforzar las obligaciones de los Estados de prevenir y eliminar la A\/MGF en virtud de la legislaci\u00f3n vigente sobre derechos humanos y allanar el camino para una aplicaci\u00f3n nacional m\u00e1s estricta y una protecci\u00f3n m\u00e1s s\u00f3lida de las sobrevivientes.   <\/span><\/p>\n<p style=\"text-align: left;\"><span style=\"font-weight: 400;\">Una audiencia tem\u00e1tica sobre la A\/MGF podr\u00eda sentar las bases de una nueva jurisprudencia sobre esta cuesti\u00f3n, desarrollando razonamientos jur\u00eddicos, precedentes y recomendaciones en los que podr\u00edan basarse personas defensoras, abogadas e instituciones para reforzar la rendici\u00f3n de cuentas. Esto podr\u00eda servir de base para posteriores informes tem\u00e1ticos, audiencias de Estado y visitas a pa\u00edses, integrando m\u00e1s firmemente la A\/MGF en la agenda de derechos humanos de la regi\u00f3n. <\/span><\/p>\n<p style=\"text-align: left;\"><span style=\"font-weight: 400;\">En Colombia, donde <\/span><a href=\"https:\/\/equalitynow.org\/resource\/factsheets\/fgm-in-colombia\/\"><span style=\"font-weight: 400;\">un proyecto de ley para erradicar la A\/MGF<\/span><\/a><span style=\"font-weight: 400;\"> se est\u00e1 debatiendo actualmente en el Congreso, la audiencia podr\u00eda dar un impulso renovado a los esfuerzos legislativos, reforzando la urgencia de promulgar medidas legales integrales para hacer frente a esta pr\u00e1ctica nociva.<\/span><\/p>\n<p style=\"text-align: left;\"><span style=\"font-weight: 400;\">Tambi\u00e9n podr\u00eda cambiar la comprensi\u00f3n p\u00fablica e institucional. Al replantear la A\/MGF como una violaci\u00f3n de los derechos humanos, los posibles resultados de la audiencia podr\u00edan desafiar a gobiernos e instituciones a asumir el problema como propio. A largo plazo, esto podr\u00eda catalizar reformas en los sistemas educativo, de salud y judicial que beneficien a las mujeres y ni\u00f1as que corren el riesgo de sufrir A\/MGF o que la han sufrido.  <\/span><\/p>\n<p style=\"text-align: left;\"><span style=\"font-weight: 400;\">La audiencia tiene el potencial de mejorar la protecci\u00f3n y la justicia para las sobrevivientes y de crear un marco jur\u00eddico y pol\u00edtico sostenible para abordar las pr\u00e1cticas nocivas de forma m\u00e1s amplia. A largo plazo, esto podr\u00eda impulsar un cambio transformador en la forma en que las sociedades de todos los pa\u00edses de las Am\u00e9ricas salvaguardan la autonom\u00eda corporal y la igualdad de g\u00e9nero. <\/span><\/p>\n<h2 style=\"text-align: left;\"><span style=\"font-weight: 800;\">5. \u00bfQu\u00e9 deben saber y hacer ahora las personas abogadas, las OSCs, donantes y defensoras?<\/span><\/h2>\n<p style=\"text-align: left;\"><span style=\"font-weight: 400;\">Esta audiencia es una llamada a la acci\u00f3n para todos los sectores comprometidos con los derechos humanos y la igualdad de g\u00e9nero.<\/span><\/p>\n<ul style=\"text-align: left;\">\n<li style=\"font-weight: 400;\" aria-level=\"1\"><span style=\"font-weight: 400;\">Abogados\/as deben <\/span><a href=\"https:\/\/endfgmnetwork.org\/legal-training-manual\/\" target=\"_blank\" rel=\"noopener\"><span style=\"font-weight: 400;\">consultar nuestro manual de formaci\u00f3n<\/span><\/a><span style=\"font-weight: 400;\"> y <\/span><a href=\"https:\/\/www.youtube.com\/@CIDH_IACHR\/videos\" target=\"_blank\" rel=\"noopener\"><span style=\"font-weight: 400;\">supervisar los debates durante y despu\u00e9s de la audiencia<\/span><\/a><span style=\"font-weight: 400;\"> para evaluar c\u00f3mo podr\u00edan utilizarse los posibles resultados para reforzar los argumentos jur\u00eddicos nacionales y la rendici\u00f3n de cuentas.<\/span><\/li>\n<li style=\"font-weight: 400;\" aria-level=\"1\"><b>Las organizaciones de la sociedad civil<\/b><span style=\"font-weight: 400;\"> deben aprovechar este momento para reforzar las redes regionales y amplificar las voces de las sobrevivientes.<\/span><\/li>\n<li style=\"font-weight: 400;\" aria-level=\"1\"><b>Los donantes<\/b><span style=\"font-weight: 400;\"> deben dar prioridad a la financiaci\u00f3n a largo plazo de la prevenci\u00f3n, los servicios a los sobrevivientes y la investigaci\u00f3n para colmar las lagunas de pruebas cr\u00edticas.<\/span><\/li>\n<li style=\"font-weight: 400;\" aria-level=\"1\"><b>Defensores<\/b><span style=\"font-weight: 400;\"> deben seguir presionando para que se cumplan plenamente las obligaciones internacionales, garantizando que la A\/MGF se aborde dentro de marcos m\u00e1s amplios sobre la violencia contra las mujeres y las ni\u00f1as.<\/span><\/li>\n<\/ul>\n<p style=\"text-align: left;\"><span style=\"font-weight: 400;\">Compromiso sostenido y coordinado antes <\/span><a href=\"https:\/\/www.youtube.com\/@CIDH_IACHR\/videos\" target=\"_blank\" rel=\"noopener\"><span style=\"font-weight: 400;\">durante<\/span><\/a><span style=\"font-weight: 400;\">y despu\u00e9s de la audiencia determinar\u00e1 c\u00f3mo este momento hist\u00f3rico se traduce en un progreso mensurable para las mujeres y las ni\u00f1as de toda Am\u00e9rica.<\/span><\/p>\n<p style=\"text-align: left;\"><span style=\"font-weight: 400;\">Sigue la audiencia en directo aqu\u00ed: <\/span><a href=\"https:\/\/www.youtube.com\/@CIDH_IACHR\/videos\"><span style=\"font-weight: 400;\">https:\/\/www.youtube.com\/@CIDH_CIDH\/videos<\/span><\/a><b> 2 PM ET 17 de noviembre de 2025.<\/b><\/p>\n<\/div>\n\n                <\/div>\n            <\/div>\n        <\/div>\n\n    \n<\/div>\n\n\n\n\t<div class=\"more-resources-block\">\n\t\t<div class=\"header-bar\" data-aos=\"fade-up\">\n\t\t\t<div class=\"container\">\n\t\t\t\t<div class=\"columns\">\n\t\t\t\t\t<div class=\"column is-8-tablet\">\n\t\t\t\t\t\t<h2>Explore more resources<\/h2>\n\t\t\t\t\t<\/div>\n\t\t\t\t\t<div class=\"column is-4-tablet\">\n\t\t\t\t\t\t<div class=\"outer\">\n\t\t\t\t\t\t\t<div class=\"inner left\">\n\t\t\t\t\t\t\t\t<div class=\"slider-pager\">\n\t\t\t\t\t\t\t\t\t\t\t\t\t\t\t\t\t\t\t<div class=\"number active\" data-slide=\"0\">\n\t\t\t\t\t\t\t\t\t\t\t<p>1<\/p>\n\t\t\t\t\t\t\t\t\t\t<\/div>\n\t\t\t\t\t\t\t\t\t\t\t\t\t\t\t\t\t\t\t<div class=\"number\" data-slide=\"1\">\n\t\t\t\t\t\t\t\t\t\t\t<p>2<\/p>\n\t\t\t\t\t\t\t\t\t\t<\/div>\n\t\t\t\t\t\t\t\t\t\t\t\t\t\t\t\t\t<\/div>\n\t\t\t\t\t\t\t<\/div>\n\t\t\t\t\t\t<\/div>\n\t\t\t\t\t<\/div>\n\t\t\t\t<\/div>\n\t\t\t<\/div>\n\t\t<\/div>\n\t\t<div class=\"slider-container\" data-aos=\"fade-up\">\n\t\t\t<div class=\"slider\">\n\n\t\t\t\t\n\t\t\t\t\t\n\t\t\t\t\t<div class=\"slide\">\n\t\t\t\t\t\t<div class=\"columns is-gapless is-multiline is-flex-direction-row-reverse\">\n\t\t\t\t\t\t\t<div class=\"column is-12-tablet is-8-desktop is-7-widescreen\">\n\t\t\t\t\t\t\t\t<div class=\"outer\">\n\t\t\t\t\t\t\t\t\t<div class=\"inner left\">\n\t\t\t\t\t\t\t\t\t\t<div class=\"columns\">\n\t\t\t\t\t\t\t\t\t\t\t<div class=\"column is-12-tablet is-10-desktop is-offset-1-desktop\">\n\t\t\t\t\t\t\t\t\t\t\t\t<div class=\"slide-content\">\n\t\t\t\t\t\t\t\t\t\t\t\t\t<div class=\"post-meta\">\n\t\t\t\t\t\t\t\t\t\t\t\t\t\t<div class=\"post-date\">\n\t\t\t\t\t\t\t\t\t\t\t\t\t\t\t<p>25 de febrero de 2025<\/p>\n\t\t\t\t\t\t\t\t\t\t\t\t\t\t<\/div>\n\t\t\t\t\t\t\t\t\t\t\t\t\t\t<div class=\"read-time\">\n\n\t\t\t\t\t\t\t\t\t\t\t\t\t\t\t\n\t\t\t\t\t\t\t\t\t\t\t\t\t\t\t\t<p>78 pages<\/p>\n\n\t\t\t\t\t\t\t\t\t\t\t\t\t\t\t\t\t\t\t\t\t\t\t\t\t\t\t\t\t\t\n\t\t\t\t\t\t\t\t\t\t\t\t\t\t<\/div>\n\t\t\t\t\t\t\t\t\t\t\t\t\t<\/div>\n\t\t\t\t\t\t\t\t\t\t\t\t\t<h3>The time is now: End female genital mutilation\/cutting, an urgent need for global response 2025<\/h3>\n\t\t\t\t\t\t\t\t\t\t\t\t\t\n\t\t\t\t\t\t\t\t\t\t\t\t\t\n\t                                                    <p>This is a comprehensive update to the original 2020 edition, reflecting the most recent global data on female genital mutilation\/cutting (FGM\/C).<\/p>\n\n\t                                                \t\t\t\t\t\t\t\t\t\t\t\t\t\n\t\t\t\t\t\t\t\t\t\t\t\t\t<div class=\"button\">\n\t\t\t\t\t\t\t\t\t\t\t\t\t\t<a href=\"https:\/\/equalitynow.org\/es\/resource\/reports\/the-time-is-now-end-female-genital-mutilation-cutting-an-urgent-need-for-global-response-2025-update\/\">Read more +<\/a>\n\t\t\t\t\t\t\t\t\t\t\t\t\t<\/div>\n\t\t\t\t\t\t\t\t\t\t\t\t\t<div class=\"tags\">\n\n\t\t\t\t\t\t\t\t\t\t\t\t\t\t\n\t\t\t\t\t\t\t\t\t\t\t\t\t\t\n\t\t\t\t\t\t\t\t\t\t\t\t\t\t\t\n\t\t\t\t\t\t\t\t\t\t\t\t\t\t\t\n\t\t\t\t\t\t\t\t\t\t\t\t\t\t\t\t\n\t\t\t\t\t\t\t\t\t\t\t\t\t\t\t\t\t<p class=\"language\">AR<\/p>\n\n\t\t\t\t\t\t\t\t\t\t\t\t\t\t\t\t\t\n\t\t\t\t\t\t\t\t\t\t\t\t\t\t\t\t\n\t\t\t\t\t\t\t\t\t\t\t\t\t\t\t\n\t\t\t\t\t\t\t\t\t\t\t\t\t\t\t\t\n\t\t\t\t\t\t\t\t\t\t\t\t\t\t\t\t\t<p class=\"language\">EN<\/p>\n\n\t\t\t\t\t\t\t\t\t\t\t\t\t\t\t\t\t\n\t\t\t\t\t\t\t\t\t\t\t\t\t\t\t\t\n\t\t\t\t\t\t\t\t\t\t\t\t\t\t\t\n\t\t\t\t\t\t\t\t\t\t\t\t\t\t\t\t\n\t\t\t\t\t\t\t\t\t\t\t\t\t\t\t\t\t<p class=\"language\">FR<\/p>\n\n\t\t\t\t\t\t\t\t\t\t\t\t\t\t\t\t\t\n\t\t\t\t\t\t\t\t\t\t\t\t\t\t\t\t\n\t\t\t\t\t\t\t\t\t\t\t\t\t\t\t\n\t\t\t\t\t\t\t\t\t\t\t\t\t\t\t\t\n\t\t\t\t\t\t\t\t\t\t\t\t\t\t\t\t\t<p class=\"language\">IT<\/p>\n\n\t\t\t\t\t\t\t\t\t\t\t\t\t\t\t\t\t\n\t\t\t\t\t\t\t\t\t\t\t\t\t\t\t\t\n\t\t\t\t\t\t\t\t\t\t\t\t\t\t\t\n\t\t\t\t\t\t\t\t\t\t\t\t\t\t\t\t\n\t\t\t\t\t\t\t\t\t\t\t\t\t\t\t\n\t\t\t\t\t\t\t\t\t\t\t\t\t\t\t\t\n\t\t\t\t\t\t\t\t\t\t\t\t\t\t\t\n\t\t\t\t\t\t\t\t\t\t\t\t\t\t\t\t\n\t\t\t\t\t\t\t\t\t\t\t\t\t\t\t\n\t\t\t\t\t\t\t\t\t\t\t\t\t\t\t\t\n\t\t\t\t\t\t\t\t\t\t\t\t\t\t\t\n\t\t\t\t\t\t\t\t\t\t\t\t\t\t\t\t\n\t\t\t\t\t\t\t\t\t\t\t\t\t\t\t\t\t<p class=\"language\">RU<\/p>\n\n\t\t\t\t\t\t\t\t\t\t\t\t\t\t\t\t\t\n\t\t\t\t\t\t\t\t\t\t\t\t\t\t\t\t\n\t\t\t\t\t\t\t\t\t\t\t\t\t\t\t\n\t\t\t\t\t\t\t\t\t\t\t\t\t\t\t\t\n\t\t\t\t\t\t\t\t\t\t\t\t\t\t\t\t\t<p class=\"language\">ES<\/p>\n\n\t\t\t\t\t\t\t\t\t\t\t\t\t\t\t\t\t\n\t\t\t\t\t\t\t\t\t\t\t\t\t\t\t\t\n\t\t\t\t\t\t\t\t\t\t\t\t\t\t\t\n\t\t\t\t\t\t\t\t\t\t\t\t\t\t\n\t\t\t\t\t\t\t\t\t\t\t\t\t\t\n\t\t\t                                                \n\t\t\t                                                    \n\t\t\t                                                        <a href=\"https:\/\/equalitynow.org\/resource-type\/reports\/?type=resource\">Reports<\/a>\n\n\t\t\t                                                    \n\t\t\t                                                \n\t\t\t                                            \n\t\t\t\t\t\t\t\t\t\t\t\t\t\t\n\t\t\t\t\t\t\t\t\t\t\t\t\t\t\t\n\t\t\t\t\t\t\t\t\t\t\t\t\t\t\t\t\n\t\t\t\t\t\t\t\t\t\t\t\t\t\t\t\n\t\t\t\t\t\t\t\t\t\t\t\t\t\t\t\t\t\t\t\t\t\t\t\t\t\t\t\t\t\t\t\n\t\t\t\t\t\t\t\t\t\t\t\t\t\t\t\t\t<a href=\"https:\/\/equalitynow.org\/issue\/end-harmful-practices\/?type=resource\">End harmful practices<\/a>\n\n\t\t\t\t\t\t\t\t\t\t\t\t\t\t\t\t\n\t\t\t\t\t\t\t\t\t\t\t\t\t\t\t\n\t\t\t\t\t\t\t\t\t\t\t\t\t\t\n\t\t\t\t\t\t\t\t\t\t\t\t\t\t\n\t\t\t\t\t\t\t\t\t\t\t\t\t\t\t\n\t\t\t\t\t\t\t\t\t\t\t\t\t\t\t\t\n\t\t\t\t\t\t\t\t\t\t\t\t\t\t\t\t\t<a href=\"https:\/\/equalitynow.org\/region\/global\/?type=resource\">Global<\/a>\n\n\t\t\t\t\t\t\t\t\t\t\t\t\t\t\t\t\n\t\t\t\t\t\t\t\t\t\t\t\t\t\t\t\n\t\t\t\t\t\t\t\t\t\t\t\t\t\t\n\t\t\t\t\t\t\t\t\t\t\t\t\t<\/div>\n\t\t\t\t\t\t\t\t\t\t\t\t<\/div>\n\t\t\t\t\t\t\t\t\t\t\t<\/div>\n\t\t\t\t\t\t\t\t\t\t<\/div>\n\t\t\t\t\t\t\t\t\t<\/div>\n\t\t\t\t\t\t\t\t<\/div>\n\t\t\t\t\t\t\t<\/div>\n\t\t\t\t\t\t\t<div class=\"column is-12-tablet is-4-desktop is-5-widescreen \">\n\t\t\t\t\t\t\t\t<div class=\"image\">\n\n\t\t\t\t\t\t\t\t\t\n\t\t\t\t\t\t\t\t\t\t<div class=\"image-overlay\" style=\"background-image:url('https:\/\/equalitynow.org\/wp-content\/smush-webp\/2025\/02\/Final-Cover-Illustration-Global-FGM-Report-640x360.png.webp')\" data-small=\"https:\/\/equalitynow.org\/wp-content\/uploads\/2025\/02\/Final-Cover-Illustration-Global-FGM-Report-640x360.png\" data-medium=\"https:\/\/equalitynow.org\/wp-content\/uploads\/2025\/02\/Final-Cover-Illustration-Global-FGM-Report-1024x576.png\" data-large=\"https:\/\/equalitynow.org\/wp-content\/uploads\/2025\/02\/Final-Cover-Illustration-Global-FGM-Report.png\"><\/div>\n\n\t\t\t\t\t\t\t\t\t\t\t\t\t\t\t\t\t\t\n\t\t\t\t\t\t\t\t<\/div>\n\t\t\t\t\t\t\t<\/div>\n\t\t\t\t\t\t<\/div>\n\t\t\t\t\t<\/div>\n\n\t\t\t\t\n\t\t\t\t\t\n\t\t\t\t\t<div class=\"slide\">\n\t\t\t\t\t\t<div class=\"columns is-gapless is-multiline is-flex-direction-row-reverse\">\n\t\t\t\t\t\t\t<div class=\"column is-12-tablet is-8-desktop is-7-widescreen\">\n\t\t\t\t\t\t\t\t<div class=\"outer\">\n\t\t\t\t\t\t\t\t\t<div class=\"inner left\">\n\t\t\t\t\t\t\t\t\t\t<div class=\"columns\">\n\t\t\t\t\t\t\t\t\t\t\t<div class=\"column is-12-tablet is-10-desktop is-offset-1-desktop\">\n\t\t\t\t\t\t\t\t\t\t\t\t<div class=\"slide-content\">\n\t\t\t\t\t\t\t\t\t\t\t\t\t<div class=\"post-meta\">\n\t\t\t\t\t\t\t\t\t\t\t\t\t\t<div class=\"post-date\">\n\t\t\t\t\t\t\t\t\t\t\t\t\t\t\t<p>27 de septiembre de 2022<\/p>\n\t\t\t\t\t\t\t\t\t\t\t\t\t\t<\/div>\n\t\t\t\t\t\t\t\t\t\t\t\t\t\t<div class=\"read-time\">\n\n\t\t\t\t\t\t\t\t\t\t\t\t\t\t\t\n\t\t\t\t\t\t\t\t\t\t\t\t\t\t\t\t<p>36 pages<\/p>\n\n\t\t\t\t\t\t\t\t\t\t\t\t\t\t\t\t\t\t\t\t\t\t\t\t\t\t\t\t\t\t\n\t\t\t\t\t\t\t\t\t\t\t\t\t\t<\/div>\n\t\t\t\t\t\t\t\t\t\t\t\t\t<\/div>\n\t\t\t\t\t\t\t\t\t\t\t\t\t<h3>Reporting on female genital mutilation &#8211; Global edition<\/h3>\n\t\t\t\t\t\t\t\t\t\t\t\t\t\n\t\t\t\t\t\t\t\t\t\t\t\t\t\n\t                                                    <p>This third edition of Equality Now&#8217;s toolkit was developed with support from Wallace Global Fund to support media professionals in their efforts to report on FGM.<\/p>\n\n\t                                                \t\t\t\t\t\t\t\t\t\t\t\t\t\n\t\t\t\t\t\t\t\t\t\t\t\t\t<div class=\"button\">\n\t\t\t\t\t\t\t\t\t\t\t\t\t\t<a href=\"https:\/\/equalitynow.org\/es\/resource\/toolkits-for-journalists\/fgmtoolkit-global\/\">Read more +<\/a>\n\t\t\t\t\t\t\t\t\t\t\t\t\t<\/div>\n\t\t\t\t\t\t\t\t\t\t\t\t\t<div class=\"tags\">\n\n\t\t\t\t\t\t\t\t\t\t\t\t\t\t\n\t\t\t\t\t\t\t\t\t\t\t\t\t\t\n\t\t\t\t\t\t\t\t\t\t\t\t\t\t\t\n\t\t\t\t\t\t\t\t\t\t\t\t\t\t\t\n\t\t\t\t\t\t\t\t\t\t\t\t\t\t\t\t\n\t\t\t\t\t\t\t\t\t\t\t\t\t\t\t\t\t<p class=\"language\">EN<\/p>\n\n\t\t\t\t\t\t\t\t\t\t\t\t\t\t\t\t\t\n\t\t\t\t\t\t\t\t\t\t\t\t\t\t\t\t\n\t\t\t\t\t\t\t\t\t\t\t\t\t\t\t\n\t\t\t\t\t\t\t\t\t\t\t\t\t\t\t\t\n\t\t\t\t\t\t\t\t\t\t\t\t\t\t\t\t\t<p class=\"language\">AR<\/p>\n\n\t\t\t\t\t\t\t\t\t\t\t\t\t\t\t\t\t\n\t\t\t\t\t\t\t\t\t\t\t\t\t\t\t\t\n\t\t\t\t\t\t\t\t\t\t\t\t\t\t\t\n\t\t\t\t\t\t\t\t\t\t\t\t\t\t\n\t\t\t\t\t\t\t\t\t\t\t\t\t\t\n\t\t\t                                                \n\t\t\t                                                    \n\t\t\t                                                        <a href=\"https:\/\/equalitynow.org\/resource-type\/toolkits-for-journalists\/?type=resource\">Toolkits for Journalists<\/a>\n\n\t\t\t                                                    \n\t\t\t                                                \n\t\t\t                                            \n\t\t\t\t\t\t\t\t\t\t\t\t\t\t\n\t\t\t\t\t\t\t\t\t\t\t\t\t\t\t\n\t\t\t\t\t\t\t\t\t\t\t\t\t\t\t\t\n\t\t\t\t\t\t\t\t\t\t\t\t\t\t\t\n\t\t\t\t\t\t\t\t\t\t\t\t\t\t\t\t\t\t\t\t\t\t\t\t\t\t\t\t\t\t\t\n\t\t\t\t\t\t\t\t\t\t\t\t\t\t\t\t\t<a href=\"https:\/\/equalitynow.org\/issue\/end-harmful-practices\/?type=resource\">End harmful practices<\/a>\n\n\t\t\t\t\t\t\t\t\t\t\t\t\t\t\t\t\n\t\t\t\t\t\t\t\t\t\t\t\t\t\t\t\n\t\t\t\t\t\t\t\t\t\t\t\t\t\t\n\t\t\t\t\t\t\t\t\t\t\t\t\t\t\n\t\t\t\t\t\t\t\t\t\t\t\t\t\t\t\n\t\t\t\t\t\t\t\t\t\t\t\t\t\t\t\t\n\t\t\t\t\t\t\t\t\t\t\t\t\t\t\t\t\t<a href=\"https:\/\/equalitynow.org\/region\/global\/?type=resource\">Global<\/a>\n\n\t\t\t\t\t\t\t\t\t\t\t\t\t\t\t\t\n\t\t\t\t\t\t\t\t\t\t\t\t\t\t\t\n\t\t\t\t\t\t\t\t\t\t\t\t\t\t\n\t\t\t\t\t\t\t\t\t\t\t\t\t<\/div>\n\t\t\t\t\t\t\t\t\t\t\t\t<\/div>\n\t\t\t\t\t\t\t\t\t\t\t<\/div>\n\t\t\t\t\t\t\t\t\t\t<\/div>\n\t\t\t\t\t\t\t\t\t<\/div>\n\t\t\t\t\t\t\t\t<\/div>\n\t\t\t\t\t\t\t<\/div>\n\t\t\t\t\t\t\t<div class=\"column is-12-tablet is-4-desktop is-5-widescreen \">\n\t\t\t\t\t\t\t\t<div class=\"image\">\n\n\t\t\t\t\t\t\t\t\t\n\t\t\t\t\t\t\t\t\t\t<div class=\"image-overlay\" style=\"background-image:url('https:\/\/equalitynow.org\/wp-content\/smush-webp\/2025\/06\/iStock-501259042-640x430.jpg.webp')\" data-small=\"https:\/\/equalitynow.org\/wp-content\/uploads\/2025\/06\/iStock-501259042-640x430.jpg\" data-medium=\"https:\/\/equalitynow.org\/wp-content\/uploads\/2025\/06\/iStock-501259042-1024x688.jpg\" data-large=\"https:\/\/equalitynow.org\/wp-content\/uploads\/2025\/06\/iStock-501259042-1920x1289.jpg\"><\/div>\n\n\t\t\t\t\t\t\t\t\t\t\t\t\t\t\t\t\t\t\n\t\t\t\t\t\t\t\t<\/div>\n\t\t\t\t\t\t\t<\/div>\n\t\t\t\t\t\t<\/div>\n\t\t\t\t\t<\/div>\n\n\t\t\t\t\n\t\t\t\t\n\t\t\t<\/div>\n\t\t<\/div>\n\t<\/div>\n\n\n\n<div class=\"more-articles-block\">\n    <div class=\"main-title-container\">\n        <div class=\"container\">\n            <div class=\"columns\">\n                <div class=\"column\">\n                    <h2 class=\"main-title\" data-aos=\"fade-right\">More articles<\/h2>\n                <\/div>\n            <\/div>\n        <\/div>\n    <\/div>\n\n    <div class=\"container container-card\">\n        <div class=\"columns is-multiline is-centered\">\n                                <div class=\"column is-12-mobile is-6-tablet is-4-desktop\">\n                        <div class=\"card\">\n                                                            <div class=\"image-container\">\n                                    <div class=\"image-overlay\"\n                                         style=\"background-image:url('https:\/\/equalitynow.org\/wp-content\/uploads\/2026\/03\/iStock-1486613683-640x360.jpg')\"\n                                         data-small=\"https:\/\/equalitynow.org\/wp-content\/uploads\/2026\/03\/iStock-1486613683-640x360.jpg\">\n                                    <\/div>\n                                <\/div>\n                            \n                            <div class=\"card-content\">\n                                <p class=\"is-6 date\">22nd April 2026<\/p>\n                                <p class=\"is-6 time\">14 min read<\/p>\n                                <p class=\"title\">Por qu\u00e9 el D\u00eda de la Tierra 2026 exige una acci\u00f3n conjunta por la justicia clim\u00e1tica y de g\u00e9nero<\/p>\n\n                                <div class=\"button\">\n                                    <a href=\"https:\/\/equalitynow.org\/es\/news\/news-and-insights-es\/por-que-el-dia-de-la-tierra-2026-exige-una-accion-conjunta-por-la-justicia-climatica-y-de-genero\/\">Read more +<\/a>\n                                <\/div>\n\n                                                                    <div class=\"categories\">\n                                                                                    <span class=\"category\">News and Insights<\/span>\n                                                                            <\/div>\n                                                            <\/div>\n                        <\/div>\n                    <\/div>\n                                    <div class=\"column is-12-mobile is-6-tablet is-4-desktop\">\n                        <div class=\"card\">\n                                                            <div class=\"image-container\">\n                                    <div class=\"image-overlay\"\n                                         style=\"background-image:url('https:\/\/equalitynow.org\/wp-content\/smush-webp\/2026\/04\/1775085050969-640x547.jpg.webp')\"\n                                         data-small=\"https:\/\/equalitynow.org\/wp-content\/uploads\/2026\/04\/1775085050969-640x547.jpg\">\n                                    <\/div>\n                                <\/div>\n                            \n                            <div class=\"card-content\">\n                                <p class=\"is-6 date\">8th April 2026<\/p>\n                                <p class=\"is-6 time\">14 min read<\/p>\n                                <p class=\"title\">Audiencia tem\u00e1tica ante la CIDH expone los efectos nocivos de la aplicaci\u00f3n de leyes sobre sustracci\u00f3n internacional de menores en contextos de violencia dom\u00e9stica<\/p>\n\n                                <div class=\"button\">\n                                    <a href=\"https:\/\/equalitynow.org\/es\/news\/news-and-insights-es\/audiencia-tematica-ante-la-cidh-expone-los-efectos-nocivos-de-la-aplicacion-de-leyes-sobre-sustraccion-internacional-de-menores-en-contextos-de-violencia-domestica\/\">Read more +<\/a>\n                                <\/div>\n\n                                                                    <div class=\"categories\">\n                                                                                    <span class=\"category\">News and Insights<\/span>\n                                                                            <\/div>\n                                                            <\/div>\n                        <\/div>\n                    <\/div>\n                                    <div class=\"column is-12-mobile is-6-tablet is-4-desktop\">\n                        <div class=\"card\">\n                                                            <div class=\"image-container\">\n                                    <div class=\"image-overlay\"\n                                         style=\"background-image:url('https:\/\/equalitynow.org\/wp-content\/smush-webp\/2026\/02\/Mexico-San-Luis-de-potosi-ESV-Blog-640x480.jpeg.webp')\"\n                                         data-small=\"https:\/\/equalitynow.org\/wp-content\/uploads\/2026\/02\/Mexico-San-Luis-de-potosi-ESV-Blog-640x480.jpeg\">\n                                    <\/div>\n                                <\/div>\n                            \n                            <div class=\"card-content\">\n                                <p class=\"is-6 date\">25th February 2026<\/p>\n                                <p class=\"is-6 time\">14 min read<\/p>\n                                <p class=\"title\">Reforma en San Luis Potos\u00ed para fortalecer la protecci\u00f3n de ni\u00f1as y adolescentes frente a la violencia sexual<\/p>\n\n                                <div class=\"button\">\n                                    <a href=\"https:\/\/equalitynow.org\/es\/news\/news-and-insights-es\/reforma-en-san-luis-potosi-para-fortalecer-la-proteccion-de-ninas-y-adolescentes-frente-a-la-violencia-sexual\/\">Read more +<\/a>\n                                <\/div>\n\n                                                                    <div class=\"categories\">\n                                                                                    <span class=\"category\">News and Insights<\/span>\n                                                                            <\/div>\n                                                            <\/div>\n                        <\/div>\n                    <\/div>\n                        <\/div>\n    <\/div>\n<\/div>\n","protected":false},"excerpt":{"rendered":"","protected":false},"author":7,"featured_media":59745,"comment_status":"closed","ping_status":"open","sticky":false,"template":"","format":"standard","meta":{"_acf_changed":false,"footnotes":""},"categories":[298],"post_tag":[],"issue":[16,11],"region":[255,24],"class_list":["post-59809","post","type-post","status-publish","format-standard","has-post-thumbnail","hentry","category-news-and-insights-es","issue-end-fgm","issue-end-harmful-practices"],"acf":[],"yoast_head":"<!-- This site is optimized with the Yoast SEO Premium plugin v27.3 (Yoast SEO v27.3) - https:\/\/yoast.com\/product\/yoast-seo-premium-wordpress\/ -->\n<title>MGF en las Am\u00e9ricas: 5 cosas que debes saber sobre la audiencia interamericana de derechos humanos - Equality Now<\/title>\n<meta name=\"robots\" content=\"index, follow, max-snippet:-1, max-image-preview:large, max-video-preview:-1\" \/>\n<link rel=\"canonical\" href=\"https:\/\/equalitynow.org\/es\/news\/news-and-insights-es\/a-mgf-en-las-americas-5-cosas-que-debes-saber-sobre-la-audiencia-interamericana-de-derechos-humanos\/\" \/>\n<meta property=\"og:locale\" content=\"es_ES\" \/>\n<meta property=\"og:type\" content=\"article\" \/>\n<meta property=\"og:title\" content=\"MGF en las Am\u00e9ricas: 5 cosas que debes saber sobre la audiencia interamericana de derechos humanos\" \/>\n<meta property=\"og:url\" content=\"https:\/\/equalitynow.org\/es\/news\/news-and-insights-es\/a-mgf-en-las-americas-5-cosas-que-debes-saber-sobre-la-audiencia-interamericana-de-derechos-humanos\/\" \/>\n<meta property=\"og:site_name\" content=\"Equality Now\" \/>\n<meta property=\"article:publisher\" content=\"https:\/\/www.facebook.com\/equalitynoworg\/\" \/>\n<meta property=\"article:published_time\" content=\"2025-11-12T11:13:00+00:00\" \/>\n<meta property=\"article:modified_time\" content=\"2025-11-13T19:35:50+00:00\" \/>\n<meta property=\"og:image\" content=\"https:\/\/equalitynow.org\/wp-content\/uploads\/2025\/11\/53559991343_f1026bc684_c.jpg\" \/>\n\t<meta property=\"og:image:width\" content=\"799\" \/>\n\t<meta property=\"og:image:height\" content=\"532\" \/>\n\t<meta property=\"og:image:type\" content=\"image\/jpeg\" \/>\n<meta name=\"twitter:card\" content=\"summary_large_image\" \/>\n<meta name=\"twitter:label1\" content=\"Escrito por\" \/>\n\t<meta name=\"twitter:data1\" content=\"Sarah Lane\" \/>\n<script type=\"application\/ld+json\" class=\"yoast-schema-graph\">{\"@context\":\"https:\\\/\\\/schema.org\",\"@graph\":[{\"@type\":\"Article\",\"@id\":\"https:\\\/\\\/equalitynow.org\\\/es\\\/news\\\/news-and-insights-es\\\/a-mgf-en-las-americas-5-cosas-que-debes-saber-sobre-la-audiencia-interamericana-de-derechos-humanos\\\/#article\",\"isPartOf\":{\"@id\":\"https:\\\/\\\/equalitynow.org\\\/es\\\/news\\\/news-and-insights-es\\\/a-mgf-en-las-americas-5-cosas-que-debes-saber-sobre-la-audiencia-interamericana-de-derechos-humanos\\\/\"},\"author\":{\"name\":\"Sarah Lane\",\"@id\":\"https:\\\/\\\/equalitynow.org\\\/#\\\/schema\\\/person\\\/cab0cc29312603b8bf8b28211103ada2\"},\"headline\":\"MGF en las Am\u00e9ricas: 5 cosas que debes saber sobre la audiencia interamericana de derechos humanos\",\"datePublished\":\"2025-11-12T11:13:00+00:00\",\"dateModified\":\"2025-11-13T19:35:50+00:00\",\"mainEntityOfPage\":{\"@id\":\"https:\\\/\\\/equalitynow.org\\\/es\\\/news\\\/news-and-insights-es\\\/a-mgf-en-las-americas-5-cosas-que-debes-saber-sobre-la-audiencia-interamericana-de-derechos-humanos\\\/\"},\"wordCount\":26,\"publisher\":{\"@id\":\"https:\\\/\\\/equalitynow.org\\\/#organization\"},\"image\":{\"@id\":\"https:\\\/\\\/equalitynow.org\\\/es\\\/news\\\/news-and-insights-es\\\/a-mgf-en-las-americas-5-cosas-que-debes-saber-sobre-la-audiencia-interamericana-de-derechos-humanos\\\/#primaryimage\"},\"thumbnailUrl\":\"https:\\\/\\\/equalitynow.org\\\/wp-content\\\/uploads\\\/2025\\\/11\\\/53559991343_f1026bc684_c.jpg\",\"articleSection\":[\"News and Insights\"],\"inLanguage\":\"es\"},{\"@type\":\"WebPage\",\"@id\":\"https:\\\/\\\/equalitynow.org\\\/es\\\/news\\\/news-and-insights-es\\\/a-mgf-en-las-americas-5-cosas-que-debes-saber-sobre-la-audiencia-interamericana-de-derechos-humanos\\\/\",\"url\":\"https:\\\/\\\/equalitynow.org\\\/es\\\/news\\\/news-and-insights-es\\\/a-mgf-en-las-americas-5-cosas-que-debes-saber-sobre-la-audiencia-interamericana-de-derechos-humanos\\\/\",\"name\":\"MGF en las Am\u00e9ricas: 5 cosas que debes saber sobre la audiencia interamericana de derechos humanos - Equality Now\",\"isPartOf\":{\"@id\":\"https:\\\/\\\/equalitynow.org\\\/#website\"},\"primaryImageOfPage\":{\"@id\":\"https:\\\/\\\/equalitynow.org\\\/es\\\/news\\\/news-and-insights-es\\\/a-mgf-en-las-americas-5-cosas-que-debes-saber-sobre-la-audiencia-interamericana-de-derechos-humanos\\\/#primaryimage\"},\"image\":{\"@id\":\"https:\\\/\\\/equalitynow.org\\\/es\\\/news\\\/news-and-insights-es\\\/a-mgf-en-las-americas-5-cosas-que-debes-saber-sobre-la-audiencia-interamericana-de-derechos-humanos\\\/#primaryimage\"},\"thumbnailUrl\":\"https:\\\/\\\/equalitynow.org\\\/wp-content\\\/uploads\\\/2025\\\/11\\\/53559991343_f1026bc684_c.jpg\",\"datePublished\":\"2025-11-12T11:13:00+00:00\",\"dateModified\":\"2025-11-13T19:35:50+00:00\",\"breadcrumb\":{\"@id\":\"https:\\\/\\\/equalitynow.org\\\/es\\\/news\\\/news-and-insights-es\\\/a-mgf-en-las-americas-5-cosas-que-debes-saber-sobre-la-audiencia-interamericana-de-derechos-humanos\\\/#breadcrumb\"},\"inLanguage\":\"es\",\"potentialAction\":[{\"@type\":\"ReadAction\",\"target\":[\"https:\\\/\\\/equalitynow.org\\\/es\\\/news\\\/news-and-insights-es\\\/a-mgf-en-las-americas-5-cosas-que-debes-saber-sobre-la-audiencia-interamericana-de-derechos-humanos\\\/\"]}]},{\"@type\":\"ImageObject\",\"inLanguage\":\"es\",\"@id\":\"https:\\\/\\\/equalitynow.org\\\/es\\\/news\\\/news-and-insights-es\\\/a-mgf-en-las-americas-5-cosas-que-debes-saber-sobre-la-audiencia-interamericana-de-derechos-humanos\\\/#primaryimage\",\"url\":\"https:\\\/\\\/equalitynow.org\\\/wp-content\\\/uploads\\\/2025\\\/11\\\/53559991343_f1026bc684_c.jpg\",\"contentUrl\":\"https:\\\/\\\/equalitynow.org\\\/wp-content\\\/uploads\\\/2025\\\/11\\\/53559991343_f1026bc684_c.jpg\",\"width\":799,\"height\":532},{\"@type\":\"BreadcrumbList\",\"@id\":\"https:\\\/\\\/equalitynow.org\\\/es\\\/news\\\/news-and-insights-es\\\/a-mgf-en-las-americas-5-cosas-que-debes-saber-sobre-la-audiencia-interamericana-de-derechos-humanos\\\/#breadcrumb\",\"itemListElement\":[{\"@type\":\"ListItem\",\"position\":1,\"name\":\"Home\",\"item\":\"https:\\\/\\\/equalitynow.org\\\/es\\\/\"},{\"@type\":\"ListItem\",\"position\":2,\"name\":\"MGF en las Am\u00e9ricas: 5 cosas que debes saber sobre la audiencia interamericana de derechos humanos\"}]},{\"@type\":\"WebSite\",\"@id\":\"https:\\\/\\\/equalitynow.org\\\/#website\",\"url\":\"https:\\\/\\\/equalitynow.org\\\/\",\"name\":\"Equality Now\",\"description\":\"A just world for all women and girls\",\"publisher\":{\"@id\":\"https:\\\/\\\/equalitynow.org\\\/#organization\"},\"potentialAction\":[{\"@type\":\"SearchAction\",\"target\":{\"@type\":\"EntryPoint\",\"urlTemplate\":\"https:\\\/\\\/equalitynow.org\\\/?s={search_term_string}\"},\"query-input\":{\"@type\":\"PropertyValueSpecification\",\"valueRequired\":true,\"valueName\":\"search_term_string\"}}],\"inLanguage\":\"es\"},{\"@type\":[\"Organization\",\"Place\"],\"@id\":\"https:\\\/\\\/equalitynow.org\\\/#organization\",\"name\":\"Equality Now\",\"alternateName\":\"Equality Now\",\"url\":\"https:\\\/\\\/equalitynow.org\\\/\",\"logo\":{\"@id\":\"https:\\\/\\\/equalitynow.org\\\/es\\\/news\\\/news-and-insights-es\\\/a-mgf-en-las-americas-5-cosas-que-debes-saber-sobre-la-audiencia-interamericana-de-derechos-humanos\\\/#local-main-organization-logo\"},\"image\":{\"@id\":\"https:\\\/\\\/equalitynow.org\\\/es\\\/news\\\/news-and-insights-es\\\/a-mgf-en-las-americas-5-cosas-que-debes-saber-sobre-la-audiencia-interamericana-de-derechos-humanos\\\/#local-main-organization-logo\"},\"sameAs\":[\"https:\\\/\\\/www.facebook.com\\\/equalitynoworg\\\/\",\"https:\\\/\\\/www.linkedin.com\\\/company\\\/equality-now\\\/\",\"https:\\\/\\\/www.instagram.com\\\/equalitynoworg\"],\"description\":\"Equality Now leads the way in driving the legal and systemic change needed to end violence and discrimination against all women and girls, everywhere in the world, to the benefit of all. Every year, our work leads to legal, systemic, and cultural progress that translates into real and positive change for millions of women and girls around the world. In 2024, we improved justice for over 52 million women & girls.\",\"legalName\":\"Equality Now\",\"foundingDate\":\"1992-04-10\",\"numberOfEmployees\":{\"@type\":\"QuantitativeValue\",\"minValue\":\"51\",\"maxValue\":\"200\"},\"telephone\":[],\"openingHoursSpecification\":[{\"@type\":\"OpeningHoursSpecification\",\"dayOfWeek\":[\"Monday\",\"Tuesday\",\"Wednesday\",\"Thursday\",\"Friday\",\"Saturday\",\"Sunday\"],\"opens\":\"09:00\",\"closes\":\"17:00\"}]},{\"@type\":\"Person\",\"@id\":\"https:\\\/\\\/equalitynow.org\\\/#\\\/schema\\\/person\\\/cab0cc29312603b8bf8b28211103ada2\",\"name\":\"Sarah Lane\",\"image\":{\"@type\":\"ImageObject\",\"inLanguage\":\"es\",\"@id\":\"https:\\\/\\\/secure.gravatar.com\\\/avatar\\\/d8ded4ba936b352dacc2da953cd860887bcf45fcee54dcaf6ebac1f1ccbc39c0?s=96&d=mm&r=g\",\"url\":\"https:\\\/\\\/secure.gravatar.com\\\/avatar\\\/d8ded4ba936b352dacc2da953cd860887bcf45fcee54dcaf6ebac1f1ccbc39c0?s=96&d=mm&r=g\",\"contentUrl\":\"https:\\\/\\\/secure.gravatar.com\\\/avatar\\\/d8ded4ba936b352dacc2da953cd860887bcf45fcee54dcaf6ebac1f1ccbc39c0?s=96&d=mm&r=g\",\"caption\":\"Sarah Lane\"},\"url\":\"https:\\\/\\\/equalitynow.org\\\/es\\\/news\\\/author\\\/sarah-lane\\\/\"},{\"@type\":\"ImageObject\",\"inLanguage\":\"es\",\"@id\":\"https:\\\/\\\/equalitynow.org\\\/es\\\/news\\\/news-and-insights-es\\\/a-mgf-en-las-americas-5-cosas-que-debes-saber-sobre-la-audiencia-interamericana-de-derechos-humanos\\\/#local-main-organization-logo\",\"url\":\"https:\\\/\\\/equalitynow.org\\\/wp-content\\\/uploads\\\/2026\\\/03\\\/EN_stacked_blueGrey.png\",\"contentUrl\":\"https:\\\/\\\/equalitynow.org\\\/wp-content\\\/uploads\\\/2026\\\/03\\\/EN_stacked_blueGrey.png\",\"width\":1265,\"height\":1287,\"caption\":\"Equality Now\"}]}<\/script>\n<!-- \/ Yoast SEO Premium plugin. -->","yoast_head_json":{"title":"MGF en las Am\u00e9ricas: 5 cosas que debes saber sobre la audiencia interamericana de derechos humanos - Equality Now","robots":{"index":"index","follow":"follow","max-snippet":"max-snippet:-1","max-image-preview":"max-image-preview:large","max-video-preview":"max-video-preview:-1"},"canonical":"https:\/\/equalitynow.org\/es\/news\/news-and-insights-es\/a-mgf-en-las-americas-5-cosas-que-debes-saber-sobre-la-audiencia-interamericana-de-derechos-humanos\/","og_locale":"es_ES","og_type":"article","og_title":"MGF en las Am\u00e9ricas: 5 cosas que debes saber sobre la audiencia interamericana de derechos humanos","og_url":"https:\/\/equalitynow.org\/es\/news\/news-and-insights-es\/a-mgf-en-las-americas-5-cosas-que-debes-saber-sobre-la-audiencia-interamericana-de-derechos-humanos\/","og_site_name":"Equality Now","article_publisher":"https:\/\/www.facebook.com\/equalitynoworg\/","article_published_time":"2025-11-12T11:13:00+00:00","article_modified_time":"2025-11-13T19:35:50+00:00","og_image":[{"width":799,"height":532,"url":"https:\/\/equalitynow.org\/wp-content\/uploads\/2025\/11\/53559991343_f1026bc684_c.jpg","type":"image\/jpeg"}],"twitter_card":"summary_large_image","twitter_misc":{"Escrito por":"Sarah Lane"},"schema":{"@context":"https:\/\/schema.org","@graph":[{"@type":"Article","@id":"https:\/\/equalitynow.org\/es\/news\/news-and-insights-es\/a-mgf-en-las-americas-5-cosas-que-debes-saber-sobre-la-audiencia-interamericana-de-derechos-humanos\/#article","isPartOf":{"@id":"https:\/\/equalitynow.org\/es\/news\/news-and-insights-es\/a-mgf-en-las-americas-5-cosas-que-debes-saber-sobre-la-audiencia-interamericana-de-derechos-humanos\/"},"author":{"name":"Sarah Lane","@id":"https:\/\/equalitynow.org\/#\/schema\/person\/cab0cc29312603b8bf8b28211103ada2"},"headline":"MGF en las Am\u00e9ricas: 5 cosas que debes saber sobre la audiencia interamericana de derechos humanos","datePublished":"2025-11-12T11:13:00+00:00","dateModified":"2025-11-13T19:35:50+00:00","mainEntityOfPage":{"@id":"https:\/\/equalitynow.org\/es\/news\/news-and-insights-es\/a-mgf-en-las-americas-5-cosas-que-debes-saber-sobre-la-audiencia-interamericana-de-derechos-humanos\/"},"wordCount":26,"publisher":{"@id":"https:\/\/equalitynow.org\/#organization"},"image":{"@id":"https:\/\/equalitynow.org\/es\/news\/news-and-insights-es\/a-mgf-en-las-americas-5-cosas-que-debes-saber-sobre-la-audiencia-interamericana-de-derechos-humanos\/#primaryimage"},"thumbnailUrl":"https:\/\/equalitynow.org\/wp-content\/uploads\/2025\/11\/53559991343_f1026bc684_c.jpg","articleSection":["News and Insights"],"inLanguage":"es"},{"@type":"WebPage","@id":"https:\/\/equalitynow.org\/es\/news\/news-and-insights-es\/a-mgf-en-las-americas-5-cosas-que-debes-saber-sobre-la-audiencia-interamericana-de-derechos-humanos\/","url":"https:\/\/equalitynow.org\/es\/news\/news-and-insights-es\/a-mgf-en-las-americas-5-cosas-que-debes-saber-sobre-la-audiencia-interamericana-de-derechos-humanos\/","name":"MGF en las Am\u00e9ricas: 5 cosas que debes saber sobre la audiencia interamericana de derechos humanos - Equality Now","isPartOf":{"@id":"https:\/\/equalitynow.org\/#website"},"primaryImageOfPage":{"@id":"https:\/\/equalitynow.org\/es\/news\/news-and-insights-es\/a-mgf-en-las-americas-5-cosas-que-debes-saber-sobre-la-audiencia-interamericana-de-derechos-humanos\/#primaryimage"},"image":{"@id":"https:\/\/equalitynow.org\/es\/news\/news-and-insights-es\/a-mgf-en-las-americas-5-cosas-que-debes-saber-sobre-la-audiencia-interamericana-de-derechos-humanos\/#primaryimage"},"thumbnailUrl":"https:\/\/equalitynow.org\/wp-content\/uploads\/2025\/11\/53559991343_f1026bc684_c.jpg","datePublished":"2025-11-12T11:13:00+00:00","dateModified":"2025-11-13T19:35:50+00:00","breadcrumb":{"@id":"https:\/\/equalitynow.org\/es\/news\/news-and-insights-es\/a-mgf-en-las-americas-5-cosas-que-debes-saber-sobre-la-audiencia-interamericana-de-derechos-humanos\/#breadcrumb"},"inLanguage":"es","potentialAction":[{"@type":"ReadAction","target":["https:\/\/equalitynow.org\/es\/news\/news-and-insights-es\/a-mgf-en-las-americas-5-cosas-que-debes-saber-sobre-la-audiencia-interamericana-de-derechos-humanos\/"]}]},{"@type":"ImageObject","inLanguage":"es","@id":"https:\/\/equalitynow.org\/es\/news\/news-and-insights-es\/a-mgf-en-las-americas-5-cosas-que-debes-saber-sobre-la-audiencia-interamericana-de-derechos-humanos\/#primaryimage","url":"https:\/\/equalitynow.org\/wp-content\/uploads\/2025\/11\/53559991343_f1026bc684_c.jpg","contentUrl":"https:\/\/equalitynow.org\/wp-content\/uploads\/2025\/11\/53559991343_f1026bc684_c.jpg","width":799,"height":532},{"@type":"BreadcrumbList","@id":"https:\/\/equalitynow.org\/es\/news\/news-and-insights-es\/a-mgf-en-las-americas-5-cosas-que-debes-saber-sobre-la-audiencia-interamericana-de-derechos-humanos\/#breadcrumb","itemListElement":[{"@type":"ListItem","position":1,"name":"Home","item":"https:\/\/equalitynow.org\/es\/"},{"@type":"ListItem","position":2,"name":"MGF en las Am\u00e9ricas: 5 cosas que debes saber sobre la audiencia interamericana de derechos humanos"}]},{"@type":"WebSite","@id":"https:\/\/equalitynow.org\/#website","url":"https:\/\/equalitynow.org\/","name":"Equality Now","description":"A just world for all women and girls","publisher":{"@id":"https:\/\/equalitynow.org\/#organization"},"potentialAction":[{"@type":"SearchAction","target":{"@type":"EntryPoint","urlTemplate":"https:\/\/equalitynow.org\/?s={search_term_string}"},"query-input":{"@type":"PropertyValueSpecification","valueRequired":true,"valueName":"search_term_string"}}],"inLanguage":"es"},{"@type":["Organization","Place"],"@id":"https:\/\/equalitynow.org\/#organization","name":"Equality Now","alternateName":"Equality Now","url":"https:\/\/equalitynow.org\/","logo":{"@id":"https:\/\/equalitynow.org\/es\/news\/news-and-insights-es\/a-mgf-en-las-americas-5-cosas-que-debes-saber-sobre-la-audiencia-interamericana-de-derechos-humanos\/#local-main-organization-logo"},"image":{"@id":"https:\/\/equalitynow.org\/es\/news\/news-and-insights-es\/a-mgf-en-las-americas-5-cosas-que-debes-saber-sobre-la-audiencia-interamericana-de-derechos-humanos\/#local-main-organization-logo"},"sameAs":["https:\/\/www.facebook.com\/equalitynoworg\/","https:\/\/www.linkedin.com\/company\/equality-now\/","https:\/\/www.instagram.com\/equalitynoworg"],"description":"Equality Now leads the way in driving the legal and systemic change needed to end violence and discrimination against all women and girls, everywhere in the world, to the benefit of all. Every year, our work leads to legal, systemic, and cultural progress that translates into real and positive change for millions of women and girls around the world. In 2024, we improved justice for over 52 million women & girls.","legalName":"Equality Now","foundingDate":"1992-04-10","numberOfEmployees":{"@type":"QuantitativeValue","minValue":"51","maxValue":"200"},"telephone":[],"openingHoursSpecification":[{"@type":"OpeningHoursSpecification","dayOfWeek":["Monday","Tuesday","Wednesday","Thursday","Friday","Saturday","Sunday"],"opens":"09:00","closes":"17:00"}]},{"@type":"Person","@id":"https:\/\/equalitynow.org\/#\/schema\/person\/cab0cc29312603b8bf8b28211103ada2","name":"Sarah Lane","image":{"@type":"ImageObject","inLanguage":"es","@id":"https:\/\/secure.gravatar.com\/avatar\/d8ded4ba936b352dacc2da953cd860887bcf45fcee54dcaf6ebac1f1ccbc39c0?s=96&d=mm&r=g","url":"https:\/\/secure.gravatar.com\/avatar\/d8ded4ba936b352dacc2da953cd860887bcf45fcee54dcaf6ebac1f1ccbc39c0?s=96&d=mm&r=g","contentUrl":"https:\/\/secure.gravatar.com\/avatar\/d8ded4ba936b352dacc2da953cd860887bcf45fcee54dcaf6ebac1f1ccbc39c0?s=96&d=mm&r=g","caption":"Sarah Lane"},"url":"https:\/\/equalitynow.org\/es\/news\/author\/sarah-lane\/"},{"@type":"ImageObject","inLanguage":"es","@id":"https:\/\/equalitynow.org\/es\/news\/news-and-insights-es\/a-mgf-en-las-americas-5-cosas-que-debes-saber-sobre-la-audiencia-interamericana-de-derechos-humanos\/#local-main-organization-logo","url":"https:\/\/equalitynow.org\/wp-content\/uploads\/2026\/03\/EN_stacked_blueGrey.png","contentUrl":"https:\/\/equalitynow.org\/wp-content\/uploads\/2026\/03\/EN_stacked_blueGrey.png","width":1265,"height":1287,"caption":"Equality Now"}]}},"_links":{"self":[{"href":"https:\/\/equalitynow.org\/es\/wp-json\/wp\/v2\/posts\/59809","targetHints":{"allow":["GET"]}}],"collection":[{"href":"https:\/\/equalitynow.org\/es\/wp-json\/wp\/v2\/posts"}],"about":[{"href":"https:\/\/equalitynow.org\/es\/wp-json\/wp\/v2\/types\/post"}],"author":[{"embeddable":true,"href":"https:\/\/equalitynow.org\/es\/wp-json\/wp\/v2\/users\/7"}],"replies":[{"embeddable":true,"href":"https:\/\/equalitynow.org\/es\/wp-json\/wp\/v2\/comments?post=59809"}],"version-history":[{"count":15,"href":"https:\/\/equalitynow.org\/es\/wp-json\/wp\/v2\/posts\/59809\/revisions"}],"predecessor-version":[{"id":59875,"href":"https:\/\/equalitynow.org\/es\/wp-json\/wp\/v2\/posts\/59809\/revisions\/59875"}],"wp:featuredmedia":[{"embeddable":true,"href":"https:\/\/equalitynow.org\/es\/wp-json\/wp\/v2\/media\/59745"}],"wp:attachment":[{"href":"https:\/\/equalitynow.org\/es\/wp-json\/wp\/v2\/media?parent=59809"}],"wp:term":[{"taxonomy":"category","embeddable":true,"href":"https:\/\/equalitynow.org\/es\/wp-json\/wp\/v2\/categories?post=59809"},{"taxonomy":"post_tag","embeddable":true,"href":"https:\/\/equalitynow.org\/es\/wp-json\/wp\/v2\/post_tag?post=59809"},{"taxonomy":"issue","embeddable":true,"href":"https:\/\/equalitynow.org\/es\/wp-json\/wp\/v2\/issue?post=59809"},{"taxonomy":"region","embeddable":true,"href":"https:\/\/equalitynow.org\/es\/wp-json\/wp\/v2\/region?post=59809"}],"curies":[{"name":"wp","href":"https:\/\/api.w.org\/{rel}","templated":true}]}}