{"id":61071,"date":"2025-12-17T13:08:18","date_gmt":"2025-12-17T13:08:18","guid":{"rendered":"https:\/\/equalitynow.org\/news\/non-classifiee\/el-retroceso-global-contra-los-derechos-de-las-mujeres-que-estamos-viendo-y-como-respondemos\/"},"modified":"2025-12-18T15:59:14","modified_gmt":"2025-12-18T15:59:14","slug":"el-retroceso-global-contra-los-derechos-de-las-mujeres-que-estamos-viendo-y-como-respondemos","status":"publish","type":"post","link":"https:\/\/equalitynow.org\/es\/news\/news-and-insights-es\/el-retroceso-global-contra-los-derechos-de-las-mujeres-que-estamos-viendo-y-como-respondemos\/","title":{"rendered":"El retroceso global contra los derechos de las mujeres: qu\u00e9 estamos viendo y c\u00f3mo respondemos"},"content":{"rendered":"\n<div class=\"meta-split-banner-block\" style=\"background-color:#c473fc\">\n\n    \n        <div class=\"columns is-gapless is-multiline is-mobile\">\n            <div class=\"column is-12-mobile is-8-tablet is-6-desktop\">\n                <div class=\"image-container-overlay is-hidden-desktop\">\n\n                    \n                        <div class=\"image-overlay\" style=\"background-image: url('https:\/\/equalitynow.org\/wp-content\/uploads\/2021\/11\/HEADER_Blog_unflags.png');\"><\/div>\n\n                    \n                <\/div>\n\n                <div class=\"outer\">\n                    <div class=\"inner left\">\n                        <div class=\"split-post-content\">\n\n                            <div class=\"columns is-multiline is-mobile\">\n                                <div class=\"column is-12\">\n                                    <p class=\"date\">17th diciembre 2025<\/p>\n                                <\/div>\n                                <div class=\"column is-12\">\n                                    <h1 class=\"title\">El retroceso global contra los derechos de las mujeres: qu\u00e9 estamos viendo y c\u00f3mo respondemos<\/h1>\n                                <\/div>\n                            <\/div>\n\n                            \n                            \n                                <div class=\"columns\">\n                                    <div class=\"column is-9\">\n                                        <p class=\"time-to-read\">8 min read<\/p>\n                                    <\/div>\n                                <\/div>\n\n                            \n                            \n                                <div class=\"columns\">\n                                    <div class=\"column\">\n                                        <div class=\"categories\">\n\n                                            \n                                                \n                                                    \n                                                    \n                                                        <a href=\"https:\/\/equalitynow.org\/es\/category\/news-and-insights-es\/\" class=\"category\">News and Insights<\/a>\n\n                                                    \n                                                \n                                            \n                                            \n                                                \n                                                    \n                                                    \n                                                        <a href=\"https:\/\/equalitynow.org\/issue\/achieve-legal-equality\/\" class=\"category\">Achieve legal equality<\/a>\n\n                                                    \n                                                \n                                            \n                                            \n                                                \n                                                    \n                                                    \n                                                        <a href=\"https:\/\/equalitynow.org\/region\/global\/\" class=\"category\">Global<\/a>\n\n                                                    \n                                                \n                                            \n                                        <\/div>\n                                    <\/div>\n                                <\/div>\n\n                            \n                        <\/div>\n                    <\/div>\n                <\/div>\n            <\/div>\n\n            <div class=\"column is-6-desktop is-hidden-touch\">\n                <div class=\"image-container\">\n\n                    \n                        <div class=\"image-overlay\" style=\"background-image: url('https:\/\/equalitynow.org\/wp-content\/uploads\/2021\/11\/HEADER_Blog_unflags.png');\"><\/div>\n\n                    \n                <\/div>\n            <\/div>\n\n        <\/div>\n\n    \n<\/div>\n\n\n\n\n<div class=\"full-width-content-block\">\n\n    \n        <div class=\"container\" data-aos=\"fade-up\">\n            <div class=\"columns\">\n                <div class=\"column\">\n\n                    <h2>Reflexiones de las expertas regionales de Equality Now en el D\u00eda de los Derechos Humanos 2025<\/h2>\n<p><span style=\"font-weight: 400;\">En todo el mundo, mujeres y ni\u00f1as siguen enfrentando ataques sistem\u00e1ticos y coordinados contra derechos conquistados tras d\u00e9cadas de lucha. Estamos siendo testigos del retroceso de derechos ya reconocidos, la adopci\u00f3n de leyes regresivas, el abandono y debilitamiento de tratados internacionales y de mecanismos de las Naciones Unidas o su manipulaci\u00f3n, el aumento de los riesgos para quienes defienden los derechos humanos, y el crecimiento de la desinformaci\u00f3n y la informaci\u00f3n enga\u00f1osa en torno al feminismo y la igualdad de g\u00e9nero. <\/span><\/p>\n<p><span style=\"font-weight: 400;\">Ejemplos recientes ilustran la magnitud y gravedad de este retroceso. En  <\/span><a href=\"https:\/\/equalitynow.org\/news\/news-and-insights\/whats-happening-in-latvia-with-the-istanbul-convention\/\"><span style=\"font-weight: 400;\">Latvia<\/span><\/a><span style=\"font-weight: 400;\">el parlamento vot\u00f3 a favor de retirarse del Convenio de Estambul, un tratado regional clave para combatir la violencia contra las mujeres. En  <\/span><a href=\"https:\/\/equalitynow.org\/resource\/submissions\/the-state-of-gender-equality-in-the-us-a-universal-periodic-review-shadow-report\/\"><span style=\"font-weight: 400;\">Estados Unidos<\/span><\/a><span style=\"font-weight: 400;\">las autoridades decidieron no participar en el proceso del Examen Peri\u00f3dico Universal de la ONU. En  <\/span><a href=\"https:\/\/equalitynow.org\/news\/news-and-insights\/whats-happening-with-fgm-law-in-the-gambia\/\">Gambia<\/a>, legisladores intentaron derogar una prohibici\u00f3n de larga data contra la mutilaci\u00f3n genital femenina (MGF).<\/p>\n<p>Pero estos intentos no han quedado sin respuesta. En Latvia, m\u00e1s de 60.000 personas firmaron una petici\u00f3n<span style=\"font-weight: 400;\"> contra la retirada del Convenio de Estambul, lo que llev\u00f3 al Presidente a devolver el proyecto de ley al Parlamento. En Gambia,  <\/span><b>sobrevivientes, activistas y responsables de pol\u00edticas p\u00fablicas<\/b><span style=\"font-weight: 400;\"> unieron fuerzas para defender con \u00e9xito la ley que proh\u00edbe la MGF.  <\/span><b>Estas victorias demuestran que, incluso frente a una hostilidad creciente, hay motivos para resistir. Hay fuerza en la solidaridad y en el poder de los movimientos que se niegan a retroceder.<\/b><\/p>\n<p>En el <a href=\"https:\/\/www.un.org\/en\/observances\/human-rights-day\" target=\"_blank\" rel=\"noopener\">D\u00eda de los Derechos Humanos<\/a>, 10 de diciembre de 2025, Equality Now organiz\u00f3 un seminario web para analizar estas din\u00e1micas y compartir perspectivas regionales sobre c\u00f3mo este retroceso se manifiesta y c\u00f3mo est\u00e1 siendo enfrentado en distintas partes del mundo.<\/p>\n\n                <\/div>\n            <\/div>\n        <\/div>\n\n    \n<\/div>\n\n\n\n\n<div class=\"text-signpost-block\">\n    <div class=\"container\">\n\n        \n            <div class=\"columns\">\n                <div class=\"column is-2\"><\/div>\n                <div class=\"column is-8\" data-aos=\"fade-up\">\n\n                    <p><b>Ver la grabaci\u00f3n completa en YouTube (en ingl\u00e9s)<\/b><\/p>\n\n                                                    <div class=\"button\">\n                                    <a href=\"https:\/\/youtu.be\/s_cJBNGpsBE\" target=\"_blank\">\n                                        Ver el webinario +                                    <\/a>\n                                <\/div>\n                            \n                <\/div>\n            <\/div>\n\n        \n    <\/div>\n<\/div>\n\n\n\n\n<div class=\"full-width-content-block\">\n\n    \n        <div class=\"container\" data-aos=\"fade-up\">\n            <div class=\"columns\">\n                <div class=\"column\">\n\n                    <h3><b>Mantenernos firmes: enfrentar el retroceso global contra los derechos de las mujeres<\/b><\/h3>\n<p>El webinario, moderado por la asesora legal global <a href=\"https:\/\/equalitynow.org\/es\/staff-member\/shivangi-misra\/\">Shivangi Misra<\/a>, cont\u00f3 con la participaci\u00f3n de tres expertas legales de Equality Now:<\/p>\n<ul>\n<li style=\"font-weight: 400;\" aria-level=\"1\"><a href=\"https:\/\/equalitynow.org\/es\/staff-member\/barbara-jimenez-santiago\/\">B\u00e1rbara Jim\u00e9nez-Santiago<\/a>, Representante Regional para Am\u00e9rica Latina y el Caribe<\/li>\n<li style=\"font-weight: 400;\" aria-level=\"1\"><a href=\"https:\/\/equalitynow.org\/es\/staff-member\/tamar-dekanosidze\/\">Tamar Dekanosidze<\/a>, Representante Regional para Eurasia<\/li>\n<li style=\"font-weight: 400;\" aria-level=\"1\"><a href=\"https:\/\/equalitynow.org\/es\/staff-member\/esther-waweru\/\">Esther Waweru<\/a>, Asesora Legal Senior, Africa<\/li>\n<\/ul>\n<p><span style=\"font-weight: 400;\">Juntas, presentaron un panorama preocupante sobre las amenazas que enfrentan los derechos de las mujeres en sus regiones. Desde iniciativas de reforma constitucional que ponen en riesgo las protecciones de g\u00e9nero en Am\u00e9rica Latina, hasta campa\u00f1as de desinformaci\u00f3n en Europa del Este y esfuerzos por revertir legislaci\u00f3n protectora en \u00c1frica, las panelistas mostraron que estos <\/span> <span style=\"font-weight: 400;\">ataques no son hechos aislados ni espont\u00e1neos. Forman parte de una estrategia m\u00e1s amplia, bien financiada, impulsada por actores antiderechos para redefinir normas y pr\u00e1cticas internacionales. <\/span><\/p>\n<p><span style=\"font-weight: 400;\">Sin embargo, la conversaci\u00f3n no estuvo marcada por el desaliento. Las expertas tambi\u00e9n destacaron los logros de la incidencia legal feminista, la movilizaci\u00f3n de base, la construcci\u00f3n de movimientos y el uso de mecanismos jur\u00eddicos internacionales para resistir y revertir pol\u00edticas nocivas. <\/span><\/p>\n<h3><b>Derecho internacional, solidaridad y resistencia<\/b><\/h3>\n<p>A lo largo del intercambio, surgi\u00f3 de manera reiterada la importancia del <a href=\"https:\/\/equalitynow.org\/what-we-do\/womens-rights-and-international-law\/international-human-rights-law\/\">derecho internacional de los derechos humanos<\/a> y la necesidad de defender los sistemas multilaterales que sostienen la igualdad de g\u00e9nero.<\/p>\n<p><span style=\"font-weight: 400;\">Esther Waweru describi\u00f3 c\u00f3mo las coaliciones feministas en \u00c1frica han logrado exigir rendici\u00f3n de cuentas a los gobiernos, incluso cuando las instituciones formales fallan. Tamar Dekanosidze habl\u00f3 de la importancia simb\u00f3lica y pr\u00e1ctica de instrumentos como la  <\/span><a href=\"https:\/\/www.ohchr.org\/en\/treaty-bodies\/cedaw\" target=\"_blank\" rel=\"noopener\">CEDAW<\/a> y el <a href=\"https:\/\/www.coe.int\/en\/web\/istanbul-convention\" target=\"_blank\" rel=\"noopener\">Convenio de Estambul<\/a>,<span style=\"font-weight: 400;\">a pesar de los intentos coordinados por desacreditarlos. B\u00e1rbara Jim\u00e9nez-Santiago analiz\u00f3 las implicancias peligrosas de los retrocesos legales en la regi\u00f3n y subray\u00f3 la relevancia de una incidencia p\u00fablica que ponga en el centro a las sobrevivientes y exija justicia. <\/span><\/p>\n<p><span style=\"font-weight: 400;\">El espacio de preguntas y respuestas del webinario tambi\u00e9n aport\u00f3 reflexiones valiosas por parte de quienes participaron, cuyas preguntas mostraron un fuerte inter\u00e9s por comprender mejor la naturaleza de este retroceso y por trabajar de manera colectiva para enfrentarlo. Este nivel de participaci\u00f3n evidenci\u00f3 que, en distintas regiones, existe conciencia sobre estas amenazas y una motivaci\u00f3n real para conectar, aprender y actuar. <\/span><\/p>\n<p><span style=\"font-weight: 400;\">Las expositoras destacaron que, aunque los ataques contra los derechos de las mujeres est\u00e1n aumentando, tambi\u00e9n lo est\u00e1 el movimiento global para resistirlos, un movimiento con bases jur\u00eddicas s\u00f3lidas, estrategia pol\u00edtica y profundas interconexiones. Finalmente, compartieron recomendaciones concretas a partir de su experiencia en incidencia regional y enfatizaron la importancia del intercambio de conocimientos a nivel regional y global para construir movimientos m\u00e1s fuertes y resilientes. <\/span><\/p>\n<h3><b>Lecturas y recursos adicionales<\/b><\/h3>\n<p><span style=\"font-weight: 400;\">Las reflexiones compartidas en el seminario se vinculan con los temas abordados en investigaciones recientes de Equality Now, que documentan tanto la naturaleza del retroceso como los mecanismos disponibles para enfrentarlo.<\/span><\/p>\n<ul>\n<li style=\"font-weight: 400;\" aria-level=\"1\"><a href=\"https:\/\/equalitynow.org\/resource\/reports\/words-deeds-beijing30-report\/\"><span style=\"font-weight: 400;\">Words &amp; Deeds: Holding Governments Accountable in the Beijing+30 Review<\/span><\/a><\/li>\n<li style=\"font-weight: 400;\" aria-level=\"1\"><a href=\"https:\/\/equalitynow.org\/resource\/briefs\/global-backlash-against-womens-and-girls-rights-words-and-deeds-update-2025\/\"><span style=\"font-weight: 400;\">Global Backlash Against Women\u2019s and Girls\u2019 Rights \u2013 Words &amp; Deeds 2025 Update<\/span><\/a><\/li>\n<\/ul>\n<h3><b>Mirando hacia adelante<\/b><\/h3>\n<p><span style=\"font-weight: 400;\">Al entrar en 2026, las amenazas a la igualdad de g\u00e9nero persisten. Pero tambi\u00e9n persiste la determinaci\u00f3n de quienes est\u00e1n comprometidas y comprometidos con la defensa y el avance de los derechos de las mujeres y las ni\u00f1as. Espacios como este webinario recuerdan que la solidaridad transfronteriza, el uso estrat\u00e9gico de los marcos legales y la amplificaci\u00f3n de los movimientos liderados por sobrevivientes son herramientas poderosas en la lucha por la justicia.  <\/span><\/p>\n<p><span style=\"font-weight: 400;\">Agradecemos a todas las personas que nos acompa\u00f1aron en el D\u00eda de los Derechos Humanos y esperamos que contin\u00faen junto a nosotras y nosotros mientras respondemos al retroceso y seguimos avanzando. Para mantenerse al tanto de nuestro trabajo y conocer pr\u00f3ximos eventos y seminarios web, pueden  <\/span><a href=\"https:\/\/equalitynow.org\/get-involved\/changemakers\/\">suscribirse para recibir nuestros e-mails<\/a>. <\/p>\n\n                <\/div>\n            <\/div>\n        <\/div>\n\n    \n<\/div>\n\n\n\n\n<div class=\"more-articles-block\">\n    <div class=\"main-title-container\">\n        <div class=\"container\">\n            <div class=\"columns\">\n                <div class=\"column\">\n                    <h2 class=\"main-title\" data-aos=\"fade-right\">More articles<\/h2>\n                <\/div>\n            <\/div>\n        <\/div>\n    <\/div>\n\n    <div class=\"container container-card\">\n        <div class=\"columns is-multiline is-centered\">\n                                <div class=\"column is-12-mobile is-6-tablet is-4-desktop\">\n                        <div class=\"card\">\n                                                            <div class=\"image-container\">\n                                    <div class=\"image-overlay\"\n                                         style=\"background-image:url('https:\/\/equalitynow.org\/wp-content\/uploads\/2026\/03\/iStock-1486613683-640x360.jpg')\"\n                                         data-small=\"https:\/\/equalitynow.org\/wp-content\/uploads\/2026\/03\/iStock-1486613683-640x360.jpg\">\n                                    <\/div>\n                                <\/div>\n                            \n                            <div class=\"card-content\">\n                                <p class=\"is-6 date\">22nd April 2026<\/p>\n                                <p class=\"is-6 time\">8 min read<\/p>\n                                <p class=\"title\">Por qu\u00e9 el D\u00eda de la Tierra 2026 exige una acci\u00f3n conjunta por la justicia clim\u00e1tica y de g\u00e9nero<\/p>\n\n                                <div class=\"button\">\n                                    <a href=\"https:\/\/equalitynow.org\/es\/news\/news-and-insights-es\/por-que-el-dia-de-la-tierra-2026-exige-una-accion-conjunta-por-la-justicia-climatica-y-de-genero\/\">Read more +<\/a>\n                                <\/div>\n\n                                                                    <div class=\"categories\">\n                                                                                    <span class=\"category\">News and Insights<\/span>\n                                                                            <\/div>\n                                                            <\/div>\n                        <\/div>\n                    <\/div>\n                                    <div class=\"column is-12-mobile is-6-tablet is-4-desktop\">\n                        <div class=\"card\">\n                                                            <div class=\"image-container\">\n                                    <div class=\"image-overlay\"\n                                         style=\"background-image:url('https:\/\/equalitynow.org\/wp-content\/smush-webp\/2026\/04\/1775085050969-640x547.jpg.webp')\"\n                                         data-small=\"https:\/\/equalitynow.org\/wp-content\/uploads\/2026\/04\/1775085050969-640x547.jpg\">\n                                    <\/div>\n                                <\/div>\n                            \n                            <div class=\"card-content\">\n                                <p class=\"is-6 date\">8th April 2026<\/p>\n                                <p class=\"is-6 time\">8 min read<\/p>\n                                <p class=\"title\">Audiencia tem\u00e1tica ante la CIDH expone los efectos nocivos de la aplicaci\u00f3n de leyes sobre sustracci\u00f3n internacional de menores en contextos de violencia dom\u00e9stica<\/p>\n\n                                <div class=\"button\">\n                                    <a href=\"https:\/\/equalitynow.org\/es\/news\/news-and-insights-es\/audiencia-tematica-ante-la-cidh-expone-los-efectos-nocivos-de-la-aplicacion-de-leyes-sobre-sustraccion-internacional-de-menores-en-contextos-de-violencia-domestica\/\">Read more +<\/a>\n                                <\/div>\n\n                                                                    <div class=\"categories\">\n                                                                                    <span class=\"category\">News and Insights<\/span>\n                                                                            <\/div>\n                                                            <\/div>\n                        <\/div>\n                    <\/div>\n                                    <div class=\"column is-12-mobile is-6-tablet is-4-desktop\">\n                        <div class=\"card\">\n                                                            <div class=\"image-container\">\n                                    <div class=\"image-overlay\"\n                                         style=\"background-image:url('https:\/\/equalitynow.org\/wp-content\/smush-webp\/2026\/02\/Mexico-San-Luis-de-potosi-ESV-Blog-640x480.jpeg.webp')\"\n                                         data-small=\"https:\/\/equalitynow.org\/wp-content\/uploads\/2026\/02\/Mexico-San-Luis-de-potosi-ESV-Blog-640x480.jpeg\">\n                                    <\/div>\n                                <\/div>\n                            \n                            <div class=\"card-content\">\n                                <p class=\"is-6 date\">25th February 2026<\/p>\n                                <p class=\"is-6 time\">8 min read<\/p>\n                                <p class=\"title\">Reforma en San Luis Potos\u00ed para fortalecer la protecci\u00f3n de ni\u00f1as y adolescentes frente a la violencia sexual<\/p>\n\n                                <div class=\"button\">\n                                    <a href=\"https:\/\/equalitynow.org\/es\/news\/news-and-insights-es\/reforma-en-san-luis-potosi-para-fortalecer-la-proteccion-de-ninas-y-adolescentes-frente-a-la-violencia-sexual\/\">Read more +<\/a>\n                                <\/div>\n\n                                                                    <div class=\"categories\">\n                                                                                    <span class=\"category\">News and Insights<\/span>\n                                                                            <\/div>\n                                                            <\/div>\n                        <\/div>\n                    <\/div>\n                        <\/div>\n    <\/div>\n<\/div>\n","protected":false},"excerpt":{"rendered":"","protected":false},"author":7,"featured_media":43692,"comment_status":"closed","ping_status":"open","sticky":false,"template":"","format":"standard","meta":{"_acf_changed":false,"footnotes":""},"categories":[298],"post_tag":[],"issue":[49],"region":[57],"class_list":["post-61071","post","type-post","status-publish","format-standard","has-post-thumbnail","hentry","category-news-and-insights-es","issue-achieve-legal-equality"],"acf":[],"yoast_head":"<!-- This site is optimized with the Yoast SEO Premium plugin v27.3 (Yoast SEO v27.3) - https:\/\/yoast.com\/product\/yoast-seo-premium-wordpress\/ -->\n<title>El retroceso global contra los derechos de las mujeres: qu\u00e9 estamos viendo y c\u00f3mo respondemos - Equality Now<\/title>\n<meta name=\"robots\" content=\"index, follow, max-snippet:-1, max-image-preview:large, max-video-preview:-1\" \/>\n<link rel=\"canonical\" href=\"https:\/\/equalitynow.org\/es\/news\/news-and-insights-es\/el-retroceso-global-contra-los-derechos-de-las-mujeres-que-estamos-viendo-y-como-respondemos\/\" \/>\n<meta property=\"og:locale\" content=\"es_ES\" \/>\n<meta property=\"og:type\" content=\"article\" \/>\n<meta property=\"og:title\" content=\"El retroceso global contra los derechos de las mujeres: qu\u00e9 estamos viendo y c\u00f3mo respondemos\" \/>\n<meta property=\"og:url\" content=\"https:\/\/equalitynow.org\/es\/news\/news-and-insights-es\/el-retroceso-global-contra-los-derechos-de-las-mujeres-que-estamos-viendo-y-como-respondemos\/\" \/>\n<meta property=\"og:site_name\" content=\"Equality Now\" \/>\n<meta property=\"article:publisher\" content=\"https:\/\/www.facebook.com\/equalitynoworg\/\" \/>\n<meta property=\"article:published_time\" content=\"2025-12-17T13:08:18+00:00\" \/>\n<meta property=\"article:modified_time\" content=\"2025-12-18T15:59:14+00:00\" \/>\n<meta property=\"og:image\" content=\"https:\/\/equalitynow.org\/wp-content\/uploads\/2021\/11\/HEADER_Blog_unflags.png\" \/>\n\t<meta property=\"og:image:width\" content=\"1350\" \/>\n\t<meta property=\"og:image:height\" content=\"625\" \/>\n\t<meta property=\"og:image:type\" content=\"image\/png\" \/>\n<meta name=\"twitter:card\" content=\"summary_large_image\" \/>\n<meta name=\"twitter:label1\" content=\"Escrito por\" \/>\n\t<meta name=\"twitter:data1\" content=\"Sarah Lane\" \/>\n\t<meta name=\"twitter:label2\" content=\"Tiempo de lectura\" \/>\n\t<meta name=\"twitter:data2\" content=\"5 minutos\" \/>\n<script type=\"application\/ld+json\" class=\"yoast-schema-graph\">{\"@context\":\"https:\\\/\\\/schema.org\",\"@graph\":[{\"@type\":\"Article\",\"@id\":\"https:\\\/\\\/equalitynow.org\\\/es\\\/news\\\/news-and-insights-es\\\/el-retroceso-global-contra-los-derechos-de-las-mujeres-que-estamos-viendo-y-como-respondemos\\\/#article\",\"isPartOf\":{\"@id\":\"https:\\\/\\\/equalitynow.org\\\/es\\\/news\\\/news-and-insights-es\\\/el-retroceso-global-contra-los-derechos-de-las-mujeres-que-estamos-viendo-y-como-respondemos\\\/\"},\"author\":{\"name\":\"Sarah Lane\",\"@id\":\"https:\\\/\\\/equalitynow.org\\\/#\\\/schema\\\/person\\\/cab0cc29312603b8bf8b28211103ada2\"},\"headline\":\"El retroceso global contra los derechos de las mujeres: qu\u00e9 estamos viendo y c\u00f3mo respondemos\",\"datePublished\":\"2025-12-17T13:08:18+00:00\",\"dateModified\":\"2025-12-18T15:59:14+00:00\",\"mainEntityOfPage\":{\"@id\":\"https:\\\/\\\/equalitynow.org\\\/es\\\/news\\\/news-and-insights-es\\\/el-retroceso-global-contra-los-derechos-de-las-mujeres-que-estamos-viendo-y-como-respondemos\\\/\"},\"wordCount\":16,\"publisher\":{\"@id\":\"https:\\\/\\\/equalitynow.org\\\/#organization\"},\"image\":{\"@id\":\"https:\\\/\\\/equalitynow.org\\\/es\\\/news\\\/news-and-insights-es\\\/el-retroceso-global-contra-los-derechos-de-las-mujeres-que-estamos-viendo-y-como-respondemos\\\/#primaryimage\"},\"thumbnailUrl\":\"https:\\\/\\\/equalitynow.org\\\/wp-content\\\/uploads\\\/2021\\\/11\\\/HEADER_Blog_unflags.png\",\"articleSection\":[\"News and Insights\"],\"inLanguage\":\"es\"},{\"@type\":\"WebPage\",\"@id\":\"https:\\\/\\\/equalitynow.org\\\/es\\\/news\\\/news-and-insights-es\\\/el-retroceso-global-contra-los-derechos-de-las-mujeres-que-estamos-viendo-y-como-respondemos\\\/\",\"url\":\"https:\\\/\\\/equalitynow.org\\\/es\\\/news\\\/news-and-insights-es\\\/el-retroceso-global-contra-los-derechos-de-las-mujeres-que-estamos-viendo-y-como-respondemos\\\/\",\"name\":\"El retroceso global contra los derechos de las mujeres: qu\u00e9 estamos viendo y c\u00f3mo respondemos - Equality Now\",\"isPartOf\":{\"@id\":\"https:\\\/\\\/equalitynow.org\\\/#website\"},\"primaryImageOfPage\":{\"@id\":\"https:\\\/\\\/equalitynow.org\\\/es\\\/news\\\/news-and-insights-es\\\/el-retroceso-global-contra-los-derechos-de-las-mujeres-que-estamos-viendo-y-como-respondemos\\\/#primaryimage\"},\"image\":{\"@id\":\"https:\\\/\\\/equalitynow.org\\\/es\\\/news\\\/news-and-insights-es\\\/el-retroceso-global-contra-los-derechos-de-las-mujeres-que-estamos-viendo-y-como-respondemos\\\/#primaryimage\"},\"thumbnailUrl\":\"https:\\\/\\\/equalitynow.org\\\/wp-content\\\/uploads\\\/2021\\\/11\\\/HEADER_Blog_unflags.png\",\"datePublished\":\"2025-12-17T13:08:18+00:00\",\"dateModified\":\"2025-12-18T15:59:14+00:00\",\"breadcrumb\":{\"@id\":\"https:\\\/\\\/equalitynow.org\\\/es\\\/news\\\/news-and-insights-es\\\/el-retroceso-global-contra-los-derechos-de-las-mujeres-que-estamos-viendo-y-como-respondemos\\\/#breadcrumb\"},\"inLanguage\":\"es\",\"potentialAction\":[{\"@type\":\"ReadAction\",\"target\":[\"https:\\\/\\\/equalitynow.org\\\/es\\\/news\\\/news-and-insights-es\\\/el-retroceso-global-contra-los-derechos-de-las-mujeres-que-estamos-viendo-y-como-respondemos\\\/\"]}]},{\"@type\":\"ImageObject\",\"inLanguage\":\"es\",\"@id\":\"https:\\\/\\\/equalitynow.org\\\/es\\\/news\\\/news-and-insights-es\\\/el-retroceso-global-contra-los-derechos-de-las-mujeres-que-estamos-viendo-y-como-respondemos\\\/#primaryimage\",\"url\":\"https:\\\/\\\/equalitynow.org\\\/wp-content\\\/uploads\\\/2021\\\/11\\\/HEADER_Blog_unflags.png\",\"contentUrl\":\"https:\\\/\\\/equalitynow.org\\\/wp-content\\\/uploads\\\/2021\\\/11\\\/HEADER_Blog_unflags.png\",\"width\":1350,\"height\":625},{\"@type\":\"BreadcrumbList\",\"@id\":\"https:\\\/\\\/equalitynow.org\\\/es\\\/news\\\/news-and-insights-es\\\/el-retroceso-global-contra-los-derechos-de-las-mujeres-que-estamos-viendo-y-como-respondemos\\\/#breadcrumb\",\"itemListElement\":[{\"@type\":\"ListItem\",\"position\":1,\"name\":\"Home\",\"item\":\"https:\\\/\\\/equalitynow.org\\\/es\\\/\"},{\"@type\":\"ListItem\",\"position\":2,\"name\":\"El retroceso global contra los derechos de las mujeres: qu\u00e9 estamos viendo y c\u00f3mo respondemos\"}]},{\"@type\":\"WebSite\",\"@id\":\"https:\\\/\\\/equalitynow.org\\\/#website\",\"url\":\"https:\\\/\\\/equalitynow.org\\\/\",\"name\":\"Equality Now\",\"description\":\"A just world for all women and girls\",\"publisher\":{\"@id\":\"https:\\\/\\\/equalitynow.org\\\/#organization\"},\"potentialAction\":[{\"@type\":\"SearchAction\",\"target\":{\"@type\":\"EntryPoint\",\"urlTemplate\":\"https:\\\/\\\/equalitynow.org\\\/?s={search_term_string}\"},\"query-input\":{\"@type\":\"PropertyValueSpecification\",\"valueRequired\":true,\"valueName\":\"search_term_string\"}}],\"inLanguage\":\"es\"},{\"@type\":[\"Organization\",\"Place\"],\"@id\":\"https:\\\/\\\/equalitynow.org\\\/#organization\",\"name\":\"Equality Now\",\"alternateName\":\"Equality Now\",\"url\":\"https:\\\/\\\/equalitynow.org\\\/\",\"logo\":{\"@id\":\"https:\\\/\\\/equalitynow.org\\\/es\\\/news\\\/news-and-insights-es\\\/el-retroceso-global-contra-los-derechos-de-las-mujeres-que-estamos-viendo-y-como-respondemos\\\/#local-main-organization-logo\"},\"image\":{\"@id\":\"https:\\\/\\\/equalitynow.org\\\/es\\\/news\\\/news-and-insights-es\\\/el-retroceso-global-contra-los-derechos-de-las-mujeres-que-estamos-viendo-y-como-respondemos\\\/#local-main-organization-logo\"},\"sameAs\":[\"https:\\\/\\\/www.facebook.com\\\/equalitynoworg\\\/\",\"https:\\\/\\\/www.linkedin.com\\\/company\\\/equality-now\\\/\",\"https:\\\/\\\/www.instagram.com\\\/equalitynoworg\"],\"description\":\"Equality Now leads the way in driving the legal and systemic change needed to end violence and discrimination against all women and girls, everywhere in the world, to the benefit of all. Every year, our work leads to legal, systemic, and cultural progress that translates into real and positive change for millions of women and girls around the world. In 2024, we improved justice for over 52 million women & girls.\",\"legalName\":\"Equality Now\",\"foundingDate\":\"1992-04-10\",\"numberOfEmployees\":{\"@type\":\"QuantitativeValue\",\"minValue\":\"51\",\"maxValue\":\"200\"},\"telephone\":[],\"openingHoursSpecification\":[{\"@type\":\"OpeningHoursSpecification\",\"dayOfWeek\":[\"Monday\",\"Tuesday\",\"Wednesday\",\"Thursday\",\"Friday\",\"Saturday\",\"Sunday\"],\"opens\":\"09:00\",\"closes\":\"17:00\"}]},{\"@type\":\"Person\",\"@id\":\"https:\\\/\\\/equalitynow.org\\\/#\\\/schema\\\/person\\\/cab0cc29312603b8bf8b28211103ada2\",\"name\":\"Sarah Lane\",\"image\":{\"@type\":\"ImageObject\",\"inLanguage\":\"es\",\"@id\":\"https:\\\/\\\/secure.gravatar.com\\\/avatar\\\/d8ded4ba936b352dacc2da953cd860887bcf45fcee54dcaf6ebac1f1ccbc39c0?s=96&d=mm&r=g\",\"url\":\"https:\\\/\\\/secure.gravatar.com\\\/avatar\\\/d8ded4ba936b352dacc2da953cd860887bcf45fcee54dcaf6ebac1f1ccbc39c0?s=96&d=mm&r=g\",\"contentUrl\":\"https:\\\/\\\/secure.gravatar.com\\\/avatar\\\/d8ded4ba936b352dacc2da953cd860887bcf45fcee54dcaf6ebac1f1ccbc39c0?s=96&d=mm&r=g\",\"caption\":\"Sarah Lane\"},\"url\":\"https:\\\/\\\/equalitynow.org\\\/es\\\/news\\\/author\\\/sarah-lane\\\/\"},{\"@type\":\"ImageObject\",\"inLanguage\":\"es\",\"@id\":\"https:\\\/\\\/equalitynow.org\\\/es\\\/news\\\/news-and-insights-es\\\/el-retroceso-global-contra-los-derechos-de-las-mujeres-que-estamos-viendo-y-como-respondemos\\\/#local-main-organization-logo\",\"url\":\"https:\\\/\\\/equalitynow.org\\\/wp-content\\\/uploads\\\/2026\\\/03\\\/EN_stacked_blueGrey.png\",\"contentUrl\":\"https:\\\/\\\/equalitynow.org\\\/wp-content\\\/uploads\\\/2026\\\/03\\\/EN_stacked_blueGrey.png\",\"width\":1265,\"height\":1287,\"caption\":\"Equality Now\"}]}<\/script>\n<!-- \/ Yoast SEO Premium plugin. -->","yoast_head_json":{"title":"El retroceso global contra los derechos de las mujeres: qu\u00e9 estamos viendo y c\u00f3mo respondemos - Equality Now","robots":{"index":"index","follow":"follow","max-snippet":"max-snippet:-1","max-image-preview":"max-image-preview:large","max-video-preview":"max-video-preview:-1"},"canonical":"https:\/\/equalitynow.org\/es\/news\/news-and-insights-es\/el-retroceso-global-contra-los-derechos-de-las-mujeres-que-estamos-viendo-y-como-respondemos\/","og_locale":"es_ES","og_type":"article","og_title":"El retroceso global contra los derechos de las mujeres: qu\u00e9 estamos viendo y c\u00f3mo respondemos","og_url":"https:\/\/equalitynow.org\/es\/news\/news-and-insights-es\/el-retroceso-global-contra-los-derechos-de-las-mujeres-que-estamos-viendo-y-como-respondemos\/","og_site_name":"Equality Now","article_publisher":"https:\/\/www.facebook.com\/equalitynoworg\/","article_published_time":"2025-12-17T13:08:18+00:00","article_modified_time":"2025-12-18T15:59:14+00:00","og_image":[{"width":1350,"height":625,"url":"https:\/\/equalitynow.org\/wp-content\/uploads\/2021\/11\/HEADER_Blog_unflags.png","type":"image\/png"}],"twitter_card":"summary_large_image","twitter_misc":{"Escrito por":"Sarah Lane","Tiempo de lectura":"5 minutos"},"schema":{"@context":"https:\/\/schema.org","@graph":[{"@type":"Article","@id":"https:\/\/equalitynow.org\/es\/news\/news-and-insights-es\/el-retroceso-global-contra-los-derechos-de-las-mujeres-que-estamos-viendo-y-como-respondemos\/#article","isPartOf":{"@id":"https:\/\/equalitynow.org\/es\/news\/news-and-insights-es\/el-retroceso-global-contra-los-derechos-de-las-mujeres-que-estamos-viendo-y-como-respondemos\/"},"author":{"name":"Sarah Lane","@id":"https:\/\/equalitynow.org\/#\/schema\/person\/cab0cc29312603b8bf8b28211103ada2"},"headline":"El retroceso global contra los derechos de las mujeres: qu\u00e9 estamos viendo y c\u00f3mo respondemos","datePublished":"2025-12-17T13:08:18+00:00","dateModified":"2025-12-18T15:59:14+00:00","mainEntityOfPage":{"@id":"https:\/\/equalitynow.org\/es\/news\/news-and-insights-es\/el-retroceso-global-contra-los-derechos-de-las-mujeres-que-estamos-viendo-y-como-respondemos\/"},"wordCount":16,"publisher":{"@id":"https:\/\/equalitynow.org\/#organization"},"image":{"@id":"https:\/\/equalitynow.org\/es\/news\/news-and-insights-es\/el-retroceso-global-contra-los-derechos-de-las-mujeres-que-estamos-viendo-y-como-respondemos\/#primaryimage"},"thumbnailUrl":"https:\/\/equalitynow.org\/wp-content\/uploads\/2021\/11\/HEADER_Blog_unflags.png","articleSection":["News and Insights"],"inLanguage":"es"},{"@type":"WebPage","@id":"https:\/\/equalitynow.org\/es\/news\/news-and-insights-es\/el-retroceso-global-contra-los-derechos-de-las-mujeres-que-estamos-viendo-y-como-respondemos\/","url":"https:\/\/equalitynow.org\/es\/news\/news-and-insights-es\/el-retroceso-global-contra-los-derechos-de-las-mujeres-que-estamos-viendo-y-como-respondemos\/","name":"El retroceso global contra los derechos de las mujeres: qu\u00e9 estamos viendo y c\u00f3mo respondemos - Equality Now","isPartOf":{"@id":"https:\/\/equalitynow.org\/#website"},"primaryImageOfPage":{"@id":"https:\/\/equalitynow.org\/es\/news\/news-and-insights-es\/el-retroceso-global-contra-los-derechos-de-las-mujeres-que-estamos-viendo-y-como-respondemos\/#primaryimage"},"image":{"@id":"https:\/\/equalitynow.org\/es\/news\/news-and-insights-es\/el-retroceso-global-contra-los-derechos-de-las-mujeres-que-estamos-viendo-y-como-respondemos\/#primaryimage"},"thumbnailUrl":"https:\/\/equalitynow.org\/wp-content\/uploads\/2021\/11\/HEADER_Blog_unflags.png","datePublished":"2025-12-17T13:08:18+00:00","dateModified":"2025-12-18T15:59:14+00:00","breadcrumb":{"@id":"https:\/\/equalitynow.org\/es\/news\/news-and-insights-es\/el-retroceso-global-contra-los-derechos-de-las-mujeres-que-estamos-viendo-y-como-respondemos\/#breadcrumb"},"inLanguage":"es","potentialAction":[{"@type":"ReadAction","target":["https:\/\/equalitynow.org\/es\/news\/news-and-insights-es\/el-retroceso-global-contra-los-derechos-de-las-mujeres-que-estamos-viendo-y-como-respondemos\/"]}]},{"@type":"ImageObject","inLanguage":"es","@id":"https:\/\/equalitynow.org\/es\/news\/news-and-insights-es\/el-retroceso-global-contra-los-derechos-de-las-mujeres-que-estamos-viendo-y-como-respondemos\/#primaryimage","url":"https:\/\/equalitynow.org\/wp-content\/uploads\/2021\/11\/HEADER_Blog_unflags.png","contentUrl":"https:\/\/equalitynow.org\/wp-content\/uploads\/2021\/11\/HEADER_Blog_unflags.png","width":1350,"height":625},{"@type":"BreadcrumbList","@id":"https:\/\/equalitynow.org\/es\/news\/news-and-insights-es\/el-retroceso-global-contra-los-derechos-de-las-mujeres-que-estamos-viendo-y-como-respondemos\/#breadcrumb","itemListElement":[{"@type":"ListItem","position":1,"name":"Home","item":"https:\/\/equalitynow.org\/es\/"},{"@type":"ListItem","position":2,"name":"El retroceso global contra los derechos de las mujeres: qu\u00e9 estamos viendo y c\u00f3mo respondemos"}]},{"@type":"WebSite","@id":"https:\/\/equalitynow.org\/#website","url":"https:\/\/equalitynow.org\/","name":"Equality Now","description":"A just world for all women and girls","publisher":{"@id":"https:\/\/equalitynow.org\/#organization"},"potentialAction":[{"@type":"SearchAction","target":{"@type":"EntryPoint","urlTemplate":"https:\/\/equalitynow.org\/?s={search_term_string}"},"query-input":{"@type":"PropertyValueSpecification","valueRequired":true,"valueName":"search_term_string"}}],"inLanguage":"es"},{"@type":["Organization","Place"],"@id":"https:\/\/equalitynow.org\/#organization","name":"Equality Now","alternateName":"Equality Now","url":"https:\/\/equalitynow.org\/","logo":{"@id":"https:\/\/equalitynow.org\/es\/news\/news-and-insights-es\/el-retroceso-global-contra-los-derechos-de-las-mujeres-que-estamos-viendo-y-como-respondemos\/#local-main-organization-logo"},"image":{"@id":"https:\/\/equalitynow.org\/es\/news\/news-and-insights-es\/el-retroceso-global-contra-los-derechos-de-las-mujeres-que-estamos-viendo-y-como-respondemos\/#local-main-organization-logo"},"sameAs":["https:\/\/www.facebook.com\/equalitynoworg\/","https:\/\/www.linkedin.com\/company\/equality-now\/","https:\/\/www.instagram.com\/equalitynoworg"],"description":"Equality Now leads the way in driving the legal and systemic change needed to end violence and discrimination against all women and girls, everywhere in the world, to the benefit of all. Every year, our work leads to legal, systemic, and cultural progress that translates into real and positive change for millions of women and girls around the world. In 2024, we improved justice for over 52 million women & girls.","legalName":"Equality Now","foundingDate":"1992-04-10","numberOfEmployees":{"@type":"QuantitativeValue","minValue":"51","maxValue":"200"},"telephone":[],"openingHoursSpecification":[{"@type":"OpeningHoursSpecification","dayOfWeek":["Monday","Tuesday","Wednesday","Thursday","Friday","Saturday","Sunday"],"opens":"09:00","closes":"17:00"}]},{"@type":"Person","@id":"https:\/\/equalitynow.org\/#\/schema\/person\/cab0cc29312603b8bf8b28211103ada2","name":"Sarah Lane","image":{"@type":"ImageObject","inLanguage":"es","@id":"https:\/\/secure.gravatar.com\/avatar\/d8ded4ba936b352dacc2da953cd860887bcf45fcee54dcaf6ebac1f1ccbc39c0?s=96&d=mm&r=g","url":"https:\/\/secure.gravatar.com\/avatar\/d8ded4ba936b352dacc2da953cd860887bcf45fcee54dcaf6ebac1f1ccbc39c0?s=96&d=mm&r=g","contentUrl":"https:\/\/secure.gravatar.com\/avatar\/d8ded4ba936b352dacc2da953cd860887bcf45fcee54dcaf6ebac1f1ccbc39c0?s=96&d=mm&r=g","caption":"Sarah Lane"},"url":"https:\/\/equalitynow.org\/es\/news\/author\/sarah-lane\/"},{"@type":"ImageObject","inLanguage":"es","@id":"https:\/\/equalitynow.org\/es\/news\/news-and-insights-es\/el-retroceso-global-contra-los-derechos-de-las-mujeres-que-estamos-viendo-y-como-respondemos\/#local-main-organization-logo","url":"https:\/\/equalitynow.org\/wp-content\/uploads\/2026\/03\/EN_stacked_blueGrey.png","contentUrl":"https:\/\/equalitynow.org\/wp-content\/uploads\/2026\/03\/EN_stacked_blueGrey.png","width":1265,"height":1287,"caption":"Equality Now"}]}},"_links":{"self":[{"href":"https:\/\/equalitynow.org\/es\/wp-json\/wp\/v2\/posts\/61071","targetHints":{"allow":["GET"]}}],"collection":[{"href":"https:\/\/equalitynow.org\/es\/wp-json\/wp\/v2\/posts"}],"about":[{"href":"https:\/\/equalitynow.org\/es\/wp-json\/wp\/v2\/types\/post"}],"author":[{"embeddable":true,"href":"https:\/\/equalitynow.org\/es\/wp-json\/wp\/v2\/users\/7"}],"replies":[{"embeddable":true,"href":"https:\/\/equalitynow.org\/es\/wp-json\/wp\/v2\/comments?post=61071"}],"version-history":[{"count":2,"href":"https:\/\/equalitynow.org\/es\/wp-json\/wp\/v2\/posts\/61071\/revisions"}],"predecessor-version":[{"id":61075,"href":"https:\/\/equalitynow.org\/es\/wp-json\/wp\/v2\/posts\/61071\/revisions\/61075"}],"wp:featuredmedia":[{"embeddable":true,"href":"https:\/\/equalitynow.org\/es\/wp-json\/wp\/v2\/media\/43692"}],"wp:attachment":[{"href":"https:\/\/equalitynow.org\/es\/wp-json\/wp\/v2\/media?parent=61071"}],"wp:term":[{"taxonomy":"category","embeddable":true,"href":"https:\/\/equalitynow.org\/es\/wp-json\/wp\/v2\/categories?post=61071"},{"taxonomy":"post_tag","embeddable":true,"href":"https:\/\/equalitynow.org\/es\/wp-json\/wp\/v2\/post_tag?post=61071"},{"taxonomy":"issue","embeddable":true,"href":"https:\/\/equalitynow.org\/es\/wp-json\/wp\/v2\/issue?post=61071"},{"taxonomy":"region","embeddable":true,"href":"https:\/\/equalitynow.org\/es\/wp-json\/wp\/v2\/region?post=61071"}],"curies":[{"name":"wp","href":"https:\/\/api.w.org\/{rel}","templated":true}]}}